{"id":610,"date":"2022-07-04T08:32:09","date_gmt":"2022-07-04T08:32:09","guid":{"rendered":"https:\/\/upbeat-goodall.82-223-35-84.plesk.page\/index.php\/2022\/07\/04\/olivo-n-95\/"},"modified":"2022-07-04T08:32:09","modified_gmt":"2022-07-04T08:32:09","slug":"olivo-n-95","status":"publish","type":"post","link":"https:\/\/cejc-madrid.org\/index.php\/2022\/07\/04\/olivo-n-95\/","title":{"rendered":"OLIVO N\u00ba 95"},"content":{"rendered":"<p>Enero &#8211; Junio 2022<\/p>\n<p><strong>La posici\u00f3n de la Iglesia cat\u00f3lica en relaci\u00f3n con el Estado a partir del Concilio Vaticano II<\/strong> &#8211; <em>Jos\u00e9 Ignacio Rubio L\u00f3pez<\/em><\/p>\n<p><strong>El Mes\u00edas (el Cristo) y la Cristolog\u00eda<\/strong> &#8211; <em>Elio Passeto, nds<\/em><\/p>\n<p><strong>Una respuesta desde la fe ante la eterna pregunta: \u00bfPor qu\u00e9 le pasan cosas malas a la gente buena?<\/strong> &#8211; <em>Ra\u00fal Bl\u00e1zquez Castillo<\/em><\/p>\n<p><strong>\u00bfD\u00f3nde est\u00e1 Dios en las cat\u00e1strofes?<\/strong> &#8211; <em>Ethel Barylka<\/em><\/p>\n<p><strong>\u00bfPara qu\u00e9 el mal? El Dios creador y regenerador<\/strong> &#8211;<em> Luis S\u00e1nchez Navarro<\/em><\/p>\n<p><strong>Isa\u00edas 5. Una interpretaci\u00f3n<\/strong> &#8211; <em>Rav Pinhas Punturello<\/em><\/p>\n<p><strong>Cr\u00edtica bibliogr\u00e1fica<\/strong><\/p>\n","protected":false},"excerpt":{"rendered":"<p>Enero &#8211; Junio 2022 La posici\u00f3n de la Iglesia cat\u00f3lica en relaci\u00f3n con el Estado a partir del Concilio Vaticano II &#8211; Jos\u00e9 Ignacio Rubio L\u00f3pez El Mes\u00edas (el Cristo) y la Cristolog\u00eda &#8211; Elio Passeto, nds Una respuesta desde la fe ante la eterna pregunta: \u00bfPor qu\u00e9 le pasan cosas malas a la gente [&hellip;]<\/p>\n","protected":false},"author":1,"featured_media":0,"comment_status":"open","ping_status":"open","sticky":false,"template":"","format":"standard","meta":{"_et_pb_use_builder":"","_et_pb_old_content":"","_et_gb_content_width":"","footnotes":""},"categories":[25],"tags":[178,179,183,220],"class_list":["post-610","post","type-post","status-publish","format-standard","hentry","category-revista-qel-olivoq","tag-amistad-judeo-cristiana","tag-dialogo-interreligioso","tag-estudios-biblicos","tag-hebraismo"],"_links":{"self":[{"href":"https:\/\/cejc-madrid.org\/index.php\/wp-json\/wp\/v2\/posts\/610","targetHints":{"allow":["GET"]}}],"collection":[{"href":"https:\/\/cejc-madrid.org\/index.php\/wp-json\/wp\/v2\/posts"}],"about":[{"href":"https:\/\/cejc-madrid.org\/index.php\/wp-json\/wp\/v2\/types\/post"}],"author":[{"embeddable":true,"href":"https:\/\/cejc-madrid.org\/index.php\/wp-json\/wp\/v2\/users\/1"}],"replies":[{"embeddable":true,"href":"https:\/\/cejc-madrid.org\/index.php\/wp-json\/wp\/v2\/comments?post=610"}],"version-history":[{"count":0,"href":"https:\/\/cejc-madrid.org\/index.php\/wp-json\/wp\/v2\/posts\/610\/revisions"}],"wp:attachment":[{"href":"https:\/\/cejc-madrid.org\/index.php\/wp-json\/wp\/v2\/media?parent=610"}],"wp:term":[{"taxonomy":"category","embeddable":true,"href":"https:\/\/cejc-madrid.org\/index.php\/wp-json\/wp\/v2\/categories?post=610"},{"taxonomy":"post_tag","embeddable":true,"href":"https:\/\/cejc-madrid.org\/index.php\/wp-json\/wp\/v2\/tags?post=610"}],"curies":[{"name":"wp","href":"https:\/\/api.w.org\/{rel}","templated":true}]}}