{"id":611,"date":"2022-07-08T09:49:44","date_gmt":"2022-07-08T09:49:44","guid":{"rendered":"https:\/\/upbeat-goodall.82-223-35-84.plesk.page\/index.php\/2022\/07\/08\/circular-225-abril-junio-2022\/"},"modified":"2024-11-27T09:24:49","modified_gmt":"2024-11-27T09:24:49","slug":"circular-225-abril-junio-2022","status":"publish","type":"post","link":"https:\/\/cejc-madrid.org\/index.php\/2022\/07\/08\/circular-225-abril-junio-2022\/","title":{"rendered":"Circular n\u00ba 225 Abril-Junio 2022"},"content":{"rendered":"<p>La circular de este trimestre se acerca a los siguientes temas:<\/p>\n<ul>\n<li>El CEJC clausura su curso acad\u00e9mico 2021\/2022<\/li>\n<li>Masacre contra los cristianos en Nigeria, silenciada por grandes medios<\/li>\n<li>El rabino principal de Mosc\u00fa se exilia tras negar apoyo a la campa\u00f1a en Ucrania<\/li>\n<li>El arzobispo de Madrid reivindica la libertad religiosa y el di\u00e1logo interreligioso en un concierto en la catedral<\/li>\n<li>Aumenta el antisemitismo en el mundo<\/li>\n<li>Liberado el cardenal Zen en Hong Kong tras pagar una multa al gobierno de China<\/li>\n<li>Reunificados y restaurados rollos de la Tor\u00e1 ocultos y escindidos en el Holocausto<\/li>\n<li>172 ni\u00f1os cat\u00f3licos de Iraq hacen la primera comuni\u00f3n en la tierra que hab\u00eda destrozado el Estado Isl\u00e1mico<\/li>\n<li>L\u00edderes mundiales felicitan a Israel por el 74 aniversario de su independencia<\/li>\n<li>Musulmanes de Siria y L\u00edbano visitan Auschwitz<\/li>\n<li>La Iglesia espa\u00f1ola atendi\u00f3 a m\u00e1s de cuatro millones de personas durante el a\u00f1o de la pandemia<\/li>\n<li>Comienza la restauraci\u00f3n de la sinagoga m\u00e1s antigua de Egipto<\/li>\n<li>M\u00e1s de 550 misioneros cat\u00f3licos asesinados en solo dos d\u00e9cadas<\/li>\n<li>La Iglesia de Inglaterra pide disculpas a los jud\u00edos 800 a\u00f1os despu\u00e9s de las leyes que provocaron su expulsi\u00f3n<\/li>\n<li>Historiadores del arte intentan salvar las sinagogas renacentistas\u00a0 de Venecia<\/li>\n<li>Madrid agradece \u2018la vida y el testimonio\u2019 del cardenal Carlos Amigo<\/li>\n<li>Por primera vez se conmemora Iom Hazikaron en un pa\u00eds \u00e1rabe<\/li>\n<li>Ortodoxos ucranianos declaran su independencia del Patriarcado de Mosc\u00fa<\/li>\n<li>Descubren una granja de 2.100 a\u00f1os al este de Galilea<\/li>\n<li>Sobreviviente del Holocausto muere a los 91 a\u00f1os en Mari\u00fapol<\/li>\n<li>Una orquesta israel\u00ed actu\u00f3 en Egipto por primera vez en 40 a\u00f1os<\/li>\n<li>Subastan la carta de Albert Einstein en la que inst\u00f3 al mundo a atacar a los nazis<\/li>\n<li>La Universidad de Tel Aviv anuncia una nueva tecnolog\u00eda para luchar contra el c\u00e1ncer<\/li>\n<li>Noticias del Centro<\/li>\n<\/ul>\n","protected":false},"excerpt":{"rendered":"<p>La circular de este trimestre se acerca a los siguientes temas: El CEJC clausura su curso acad\u00e9mico 2021\/2022 Masacre contra los cristianos en Nigeria, silenciada por grandes medios El rabino principal de Mosc\u00fa se exilia tras negar apoyo a la campa\u00f1a en Ucrania El arzobispo de Madrid reivindica la libertad religiosa y el di\u00e1logo interreligioso [&hellip;]<\/p>\n","protected":false},"author":1,"featured_media":2527,"comment_status":"open","ping_status":"open","sticky":false,"template":"","format":"standard","meta":{"_et_pb_use_builder":"","_et_pb_old_content":"","_et_gb_content_width":"","footnotes":""},"categories":[4],"tags":[178,179],"class_list":["post-611","post","type-post","status-publish","format-standard","has-post-thumbnail","hentry","category-circular","tag-amistad-judeo-cristiana","tag-dialogo-interreligioso"],"_links":{"self":[{"href":"https:\/\/cejc-madrid.org\/index.php\/wp-json\/wp\/v2\/posts\/611","targetHints":{"allow":["GET"]}}],"collection":[{"href":"https:\/\/cejc-madrid.org\/index.php\/wp-json\/wp\/v2\/posts"}],"about":[{"href":"https:\/\/cejc-madrid.org\/index.php\/wp-json\/wp\/v2\/types\/post"}],"author":[{"embeddable":true,"href":"https:\/\/cejc-madrid.org\/index.php\/wp-json\/wp\/v2\/users\/1"}],"replies":[{"embeddable":true,"href":"https:\/\/cejc-madrid.org\/index.php\/wp-json\/wp\/v2\/comments?post=611"}],"version-history":[{"count":1,"href":"https:\/\/cejc-madrid.org\/index.php\/wp-json\/wp\/v2\/posts\/611\/revisions"}],"predecessor-version":[{"id":2528,"href":"https:\/\/cejc-madrid.org\/index.php\/wp-json\/wp\/v2\/posts\/611\/revisions\/2528"}],"wp:featuredmedia":[{"embeddable":true,"href":"https:\/\/cejc-madrid.org\/index.php\/wp-json\/wp\/v2\/media\/2527"}],"wp:attachment":[{"href":"https:\/\/cejc-madrid.org\/index.php\/wp-json\/wp\/v2\/media?parent=611"}],"wp:term":[{"taxonomy":"category","embeddable":true,"href":"https:\/\/cejc-madrid.org\/index.php\/wp-json\/wp\/v2\/categories?post=611"},{"taxonomy":"post_tag","embeddable":true,"href":"https:\/\/cejc-madrid.org\/index.php\/wp-json\/wp\/v2\/tags?post=611"}],"curies":[{"name":"wp","href":"https:\/\/api.w.org\/{rel}","templated":true}]}}