{"id":613,"date":"2022-09-30T11:05:53","date_gmt":"2022-09-30T11:05:53","guid":{"rendered":"https:\/\/upbeat-goodall.82-223-35-84.plesk.page\/index.php\/2022\/09\/30\/un-shofar-de-paz\/"},"modified":"2022-09-30T11:05:53","modified_gmt":"2022-09-30T11:05:53","slug":"un-shofar-de-paz","status":"publish","type":"post","link":"https:\/\/cejc-madrid.org\/index.php\/2022\/09\/30\/un-shofar-de-paz\/","title":{"rendered":"UN SHOFAR DE PAZ"},"content":{"rendered":"<p>La Subcomisi\u00f3n Episcopal para las Relaciones Interconfesionales y el Di\u00e1logo Interreligioso de la Conferencia Episcopal Espa\u00f1ola, a trav\u00e9s de su Presidente y Obispo de Solsona, D. Francisco Conesa Ferrer, y de su Director, D. Rafael V\u00e1zquez Jim\u00e9nez, felicitan a las Comunidades Jud\u00edas de Espa\u00f1a por medio de este comunicado.<\/p>\n","protected":false},"excerpt":{"rendered":"<p>La Subcomisi\u00f3n Episcopal para las Relaciones Interconfesionales y el Di\u00e1logo Interreligioso de la Conferencia Episcopal Espa\u00f1ola, a trav\u00e9s de su Presidente y Obispo de Solsona, D. Francisco Conesa Ferrer, y de su Director, D. Rafael V\u00e1zquez Jim\u00e9nez, felicitan a las Comunidades Jud\u00edas de Espa\u00f1a por medio de este comunicado.<\/p>\n","protected":false},"author":1,"featured_media":0,"comment_status":"open","ping_status":"open","sticky":false,"template":"","format":"standard","meta":{"_et_pb_use_builder":"","_et_pb_old_content":"","_et_gb_content_width":"","footnotes":""},"categories":[1],"tags":[178,179],"class_list":["post-613","post","type-post","status-publish","format-standard","hentry","category-uncategorized","tag-amistad-judeo-cristiana","tag-dialogo-interreligioso"],"_links":{"self":[{"href":"https:\/\/cejc-madrid.org\/index.php\/wp-json\/wp\/v2\/posts\/613","targetHints":{"allow":["GET"]}}],"collection":[{"href":"https:\/\/cejc-madrid.org\/index.php\/wp-json\/wp\/v2\/posts"}],"about":[{"href":"https:\/\/cejc-madrid.org\/index.php\/wp-json\/wp\/v2\/types\/post"}],"author":[{"embeddable":true,"href":"https:\/\/cejc-madrid.org\/index.php\/wp-json\/wp\/v2\/users\/1"}],"replies":[{"embeddable":true,"href":"https:\/\/cejc-madrid.org\/index.php\/wp-json\/wp\/v2\/comments?post=613"}],"version-history":[{"count":0,"href":"https:\/\/cejc-madrid.org\/index.php\/wp-json\/wp\/v2\/posts\/613\/revisions"}],"wp:attachment":[{"href":"https:\/\/cejc-madrid.org\/index.php\/wp-json\/wp\/v2\/media?parent=613"}],"wp:term":[{"taxonomy":"category","embeddable":true,"href":"https:\/\/cejc-madrid.org\/index.php\/wp-json\/wp\/v2\/categories?post=613"},{"taxonomy":"post_tag","embeddable":true,"href":"https:\/\/cejc-madrid.org\/index.php\/wp-json\/wp\/v2\/tags?post=613"}],"curies":[{"name":"wp","href":"https:\/\/api.w.org\/{rel}","templated":true}]}}