{"id":614,"date":"2022-11-07T11:51:29","date_gmt":"2022-11-07T11:51:29","guid":{"rendered":"https:\/\/upbeat-goodall.82-223-35-84.plesk.page\/index.php\/2022\/11\/07\/50-aniversario-del-centro-de-estudios-judeo-cristianos\/"},"modified":"2022-11-07T11:51:29","modified_gmt":"2022-11-07T11:51:29","slug":"50-aniversario-del-centro-de-estudios-judeo-cristianos","status":"publish","type":"post","link":"https:\/\/cejc-madrid.org\/index.php\/2022\/11\/07\/50-aniversario-del-centro-de-estudios-judeo-cristianos\/","title":{"rendered":"50 Aniversario del Centro de Estudios Judeo-Cristianos"},"content":{"rendered":"<p>El pasado 27 de octubre de 2022 celebramos un acto conmemorativo en la Sala Capitular de la Catedral de Santa Mar\u00eda la Real de la Almudena de Madrid, con motivo del 50\u00ba Aniversario de la erecci\u00f3n del CEJC por parte del Arzobispado de Madrid.<\/p>\n<p>Dicho acto comenz\u00f3 con la lectura (en hebreo y espa\u00f1ol) del Salmo 100 \u201cExhortaci\u00f3n a la Alabanza\u201d, por parte del &nbsp;Presidente del Consejo Rab\u00ednico de Espa\u00f1a, Rab. Mosh\u00e9 Bendahan, y el Cardenal-Arzobispo de Madrid, D. Carlos Osoro.<\/p>\n<p>La relatora del acto fue D\u00f1a. Marina Lara, Enlace Institucional Centro de Estudios Judeo-Cristianos, y en el transcurso del mismo tomaron la palabra el Hno. Elio Passeto, en nombre de la Congregaci\u00f3n de Nuestra Se\u00f1ora de Sion; D. Isaac Benzaqu\u00e9n, Presidente de la Federaci\u00f3n de Comunidades Jud\u00edas de Espa\u00f1a; D\u00f1a. Mayte Rodr\u00edguez, Directora Ejecutiva del Centro de Estudios Judeo-Cristianos.<\/p>\n<p>Asimismo, D\u00f1a. Martina Granizo, miembro del Centro de Estudios Judeo-Cristianos, y D. Mauricio Toledano, miembro de la Comunidad Jud\u00eda de Madrid, fueron objeto de un homenaje por parte del CEJC, en reconocimiento a su amistad y contribuci\u00f3n al di\u00e1logo judeo-cristiano.<\/p>\n<p>Monse\u00f1or D. Carlos Osoro cerr\u00f3 el acto con una llamada a la fraternidad, al di\u00e1logo mutuo que lleva al mutuo conocimiento y a comportarnos, jud\u00edos y cristianos, como verdaderos hermanos.<\/p>\n<p>Es posible ver un v\u00eddeo del acto completo o en versi\u00f3n resumida a trav\u00e9s de los siguientes enlaces a nuestro canal de YouTube:<\/p>\n<p><a href=\"https:\/\/youtu.be\/4hBmCKP_eTo\">https:\/\/youtu.be\/4hBmCKP_eTo<\/a> (versi\u00f3n \u00edntegra)<\/p>\n<p><a href=\"https:\/\/youtu.be\/qQSWs_sV4LY\">https:\/\/youtu.be\/qQSWs_sV4LY<\/a> (resumen)<\/p>\n<p>El Centro de Estudios Judeo-Cristianos agradece la participaci\u00f3n de las entidades, personalidades y amigos que nos acompa\u00f1aron en el transcurso de un acto tan emotivo, as\u00ed como nuestra profunda gratitud a todos aquellos que nos han felicitado por nuestro 50\u00b0 aniversario. \u00a1Seguiremos caminando juntos! Bendiciones.<\/p>\n","protected":false},"excerpt":{"rendered":"<p>El pasado 27 de octubre de 2022 celebramos un acto conmemorativo en la Sala Capitular de la Catedral de Santa Mar\u00eda la Real de la Almudena de Madrid, con motivo del 50\u00ba Aniversario de la erecci\u00f3n del CEJC por parte del Arzobispado de Madrid. Dicho acto comenz\u00f3 con la lectura (en hebreo y espa\u00f1ol) del [&hellip;]<\/p>\n","protected":false},"author":1,"featured_media":0,"comment_status":"open","ping_status":"open","sticky":false,"template":"","format":"standard","meta":{"_et_pb_use_builder":"","_et_pb_old_content":"","_et_gb_content_width":"","footnotes":""},"categories":[1],"tags":[178,179],"class_list":["post-614","post","type-post","status-publish","format-standard","hentry","category-uncategorized","tag-amistad-judeo-cristiana","tag-dialogo-interreligioso"],"_links":{"self":[{"href":"https:\/\/cejc-madrid.org\/index.php\/wp-json\/wp\/v2\/posts\/614","targetHints":{"allow":["GET"]}}],"collection":[{"href":"https:\/\/cejc-madrid.org\/index.php\/wp-json\/wp\/v2\/posts"}],"about":[{"href":"https:\/\/cejc-madrid.org\/index.php\/wp-json\/wp\/v2\/types\/post"}],"author":[{"embeddable":true,"href":"https:\/\/cejc-madrid.org\/index.php\/wp-json\/wp\/v2\/users\/1"}],"replies":[{"embeddable":true,"href":"https:\/\/cejc-madrid.org\/index.php\/wp-json\/wp\/v2\/comments?post=614"}],"version-history":[{"count":0,"href":"https:\/\/cejc-madrid.org\/index.php\/wp-json\/wp\/v2\/posts\/614\/revisions"}],"wp:attachment":[{"href":"https:\/\/cejc-madrid.org\/index.php\/wp-json\/wp\/v2\/media?parent=614"}],"wp:term":[{"taxonomy":"category","embeddable":true,"href":"https:\/\/cejc-madrid.org\/index.php\/wp-json\/wp\/v2\/categories?post=614"},{"taxonomy":"post_tag","embeddable":true,"href":"https:\/\/cejc-madrid.org\/index.php\/wp-json\/wp\/v2\/tags?post=614"}],"curies":[{"name":"wp","href":"https:\/\/api.w.org\/{rel}","templated":true}]}}