{"id":616,"date":"2022-11-07T16:03:26","date_gmt":"2022-11-07T16:03:26","guid":{"rendered":"https:\/\/upbeat-goodall.82-223-35-84.plesk.page\/index.php\/2022\/11\/07\/curso-2022-2023\/"},"modified":"2024-11-14T12:05:31","modified_gmt":"2024-11-14T12:05:31","slug":"curso-2022-2023","status":"publish","type":"post","link":"https:\/\/cejc-madrid.org\/index.php\/2022\/11\/07\/curso-2022-2023\/","title":{"rendered":"Ciclo de Conferencias Curso 2022\/2023"},"content":{"rendered":"<p>&nbsp;<\/p>\n<p style=\"text-align: center;\"><img loading=\"lazy\" decoding=\"async\" class=\" size-full wp-image-615\" src=\"https:\/\/cejc-madrid.org\/wp-content\/uploads\/2022\/11\/Imagen_programa_2022-23.jpg\" alt=\"Imagen programa 2022 23\" width=\"538\" height=\"551\" srcset=\"https:\/\/cejc-madrid.org\/wp-content\/uploads\/2022\/11\/Imagen_programa_2022-23.jpg 538w, https:\/\/cejc-madrid.org\/wp-content\/uploads\/2022\/11\/Imagen_programa_2022-23-480x492.jpg 480w\" sizes=\"(min-width: 0px) and (max-width: 480px) 480px, (min-width: 481px) 538px, 100vw\" \/><\/p>\n<p style=\"color: #9d0b0b;\">&nbsp;<\/p>\n<p style=\"text-align: center;\"><span style=\"font-size: 18pt;\"><strong style=\"color: #731212;\">\u00abCEJC: 50 a\u00f1os de Di\u00e1logo Judeo-Cristiano\u00bb<\/strong><\/span><\/p>\n<p>&nbsp;<\/p>\n<p><strong style=\"color: #941919;\">Apertura de Curso<\/strong><br \/>3 de Noviembre de 2022 <br \/><strong>Formaci\u00f3n de la identidad cristiana y sus ra\u00edces jud\u00edas<\/strong><br \/><em>Dr. Andr\u00e9s S\u00e1ez &#8211; Universidad E. San D\u00e1maso<\/em><\/p>\n<p>&nbsp;<\/p>\n<p><strong style=\"color: #901313;\">NOVIEMBRE<\/strong><br \/>Mi\u00e9rcoles 16: <strong>La instituci\u00f3n sinagogal: origen y desarrollo<\/strong><br \/><em>Rab. Pinhas Punturello &#8211; Ibn Gabirol &#8211; Estrella Toledano<\/em><\/p>\n<p>Mi\u00e9rcoles 23: <strong>La obra targ\u00famica del profesor D\u00edez-Macho<\/strong><br \/><em>Dr. Joan Ferrer &#8211; Universidad de Gerona<\/em><\/p>\n<p>Mi\u00e9rcoles 30: <strong>Liturgia y fiestas jud\u00edas<\/strong> <br \/><em>MA Ethel Barylka &#8211; Education for Impact<\/em><\/p>\n<p>&nbsp;<\/p>\n<p><strong style=\"color: #a22020;\">DICIEMBRE<\/strong><br \/>Mi\u00e9rcoles 14: <strong>Resultados de la investigaci\u00f3n sobre Qumran<\/strong><br \/><em>Dr. Julio Trebolle &#8211; Universidad Complutense<\/em><\/p>\n<p>Mi\u00e9rcoles 21: <strong>M\u00edstica jud\u00eda y C\u00e1bala<\/strong><br \/><em>Dra. Amparo Alba &#8211; Universidad Complutense<\/em><\/p>\n<p>Mi\u00e9rcoles 11: <strong>Dios despu\u00e9s de Auschwitz<\/strong><br \/><em>Dr. M. Reyes Mate &#8211; Prof. investigaci\u00f3n ad honorem CSIC<\/em><\/p>\n<p>Mi\u00e9rcoles 25: <strong>La cuesti\u00f3n de Israel, un pensamiento del Siglo XX<\/strong><br \/><em>Dr. Gabriel Albiac &#8211; Universidad Complutense<\/em><\/p>\n<p>&nbsp;<\/p>\n<p><strong style=\"color: #a31f1f;\">FEBRERO<\/strong><br \/>Mi\u00e9rcoles 1: <strong>Ap\u00f3crifos del Antiguo Testamento<\/strong> <br \/><em>Dra. Macarena Garc\u00eda &#8211; Universidad Complutense<\/em> <\/p>\n<p>Mi\u00e9rcoles 8: <strong>Apocalipsis jud\u00edo y milenarismo<\/strong><br \/><em>Dr. Luis Vegas &#8211; Universidad Complutense<\/em><\/p>\n<p>Mi\u00e9rcoles 15: <strong>El Shabat y el Domingo<\/strong> <br \/><em>Rab. Moshe Bendahan &#8211; Pte. Consejo Rab\u00ednico de Espa\u00f1a<\/em><br \/><em>Dr. Ra\u00fal Bl\u00e1zquez &#8211; Universidad E. San D\u00e1maso<\/em><\/p>\n<p>Mi\u00e9rcoles 22: <strong>\u201cLas par\u00e1bolas rab\u00ednicas del amor\u201d<\/strong><br \/><em>Dr. Luis F. Gir\u00f3n &#8211; Universidad Complutense<\/em><\/p>\n<p>&nbsp;<\/p>\n<p><strong style=\"color: #981f1f;\">MARZO<\/strong><br \/>Mi\u00e9rcoles 1: <strong>El Nuevo Testamento y su contexto jud\u00edo<\/strong><br \/><em>Dra. Cayetana H. Johnson &#8211; Universidad E. San D\u00e1maso<\/em><\/p>\n<p>Mi\u00e9rcoles 8: <strong>El Pablo jud\u00edo<\/strong><br \/><em>Dr. Elio Passeto &#8211; Instituto Ratisbonne Jerusalem<\/em><\/p>\n<p>Mi\u00e9rcoles 15: <strong>El legado de David Flusser<\/strong><br \/><em>Dr. Elio Passeto &#8211; Instituto Ratisbonne Jerusalem<\/em><\/p>\n<p>Mi\u00e9rcoles 22: <strong>Concepto de Mes\u00edas en las tradiciones jud\u00eda y cristiana<\/strong><br \/><em>Rab. Israel Diament &#8211; Instituto AMIEL (Israel)<\/em><br \/><em>Dr. Jos\u00e9 Ram\u00f3n Busto &#8211; Prof. em\u00e9rito Univ. P. Comillas<\/em><\/p>\n<p>Mi\u00e9rcoles 29: <strong>La Pascua jud\u00eda y cristiana<\/strong><br \/><em>Rab. Pinhas Punturello &#8211; Ibn Gabirol-Estrella Toledano<\/em><br \/><em>Dra. M\u00aa E. G\u00f3mez Sierra &#8211; Universidad Complutense<\/em><\/p>\n<p>&nbsp;<\/p>\n<p><strong style=\"color: #991e1e;\">ABRIL<\/strong><br \/>Mi\u00e9rcoles 19: <strong>Carlos Carrete Parrondo y la tradici\u00f3n del hebra\u00edsmo hisp\u00e1nico<\/strong><br \/><em>Dr. Ricardo Mu\u00f1oz Solla &#8211; Universidad de Salamanca<\/em><\/p>\n<p>Mi\u00e9rcoles 26: <strong>Consolidaci\u00f3n del rabinismo e identidad jud\u00eda<\/strong><br \/><em>Dra. Montserrat Leyra &#8211; Universidad E. San D\u00e1maso<\/em><\/p>\n<p>&nbsp;<\/p>\n<p><strong style=\"color: #951d1d;\">MAYO<\/strong><br \/>Mi\u00e9rcoles 3: <strong>Convivencia y tolerancia en la Espa\u00f1a medieval<\/strong><br \/><em>Dr. Alejandro Rodr\u00edguez de la Pe\u00f1a &#8211; Universidad S. Pablo-CEU<\/em><\/p>\n<p>Mi\u00e9rcoles 10: <strong>Escrituras sagradas jud\u00edas en la Biblia cristiana<\/strong><br \/><em>Dr. Donizeti Ribeiro &#8211; Superior NDS<\/em><\/p>\n<p>Mi\u00e9rcoles 17: <strong>La lectura del Antiguo Testamento en la liturgia de la Iglesia a partir de <em>Nostra Aetate<\/em><\/strong><br \/><em>Dr. Manuel Gonz\u00e1lez &#8211; Presb\u00edtero. Di\u00f3cesis de Madrid<\/em> <\/p>\n<p><strong style=\"color: #8d1c1c;\">Clausura de Curso<\/strong><br \/>24 de Mayo, a las 7,30 de la tarde<br \/><strong>El hombre como imagen de Dios en el juda\u00edsmo y el cristianismo: Retos en la sociedad actual<\/strong><br \/><em>Dr. Javier M. Prades &#8211; Universidad E. San D\u00e1maso<\/em><\/p>\n","protected":false},"excerpt":{"rendered":"<p>&nbsp; &nbsp; \u00abCEJC: 50 a\u00f1os de Di\u00e1logo Judeo-Cristiano\u00bb &nbsp; Apertura de Curso3 de Noviembre de 2022 Formaci\u00f3n de la identidad cristiana y sus ra\u00edces jud\u00edasDr. Andr\u00e9s S\u00e1ez &#8211; Universidad E. San D\u00e1maso &nbsp; NOVIEMBREMi\u00e9rcoles 16: La instituci\u00f3n sinagogal: origen y desarrolloRab. Pinhas Punturello &#8211; Ibn Gabirol &#8211; Estrella Toledano Mi\u00e9rcoles 23: La obra targ\u00famica del [&hellip;]<\/p>\n","protected":false},"author":1,"featured_media":615,"comment_status":"open","ping_status":"open","sticky":true,"template":"","format":"standard","meta":{"_et_pb_use_builder":"","_et_pb_old_content":"","_et_gb_content_width":"","footnotes":""},"categories":[239],"tags":[178,179,112],"class_list":["post-616","post","type-post","status-publish","format-standard","has-post-thumbnail","hentry","category-conferencias","tag-amistad-judeo-cristiana","tag-dialogo-interreligioso","tag-nostra-aetate"],"_links":{"self":[{"href":"https:\/\/cejc-madrid.org\/index.php\/wp-json\/wp\/v2\/posts\/616","targetHints":{"allow":["GET"]}}],"collection":[{"href":"https:\/\/cejc-madrid.org\/index.php\/wp-json\/wp\/v2\/posts"}],"about":[{"href":"https:\/\/cejc-madrid.org\/index.php\/wp-json\/wp\/v2\/types\/post"}],"author":[{"embeddable":true,"href":"https:\/\/cejc-madrid.org\/index.php\/wp-json\/wp\/v2\/users\/1"}],"replies":[{"embeddable":true,"href":"https:\/\/cejc-madrid.org\/index.php\/wp-json\/wp\/v2\/comments?post=616"}],"version-history":[{"count":3,"href":"https:\/\/cejc-madrid.org\/index.php\/wp-json\/wp\/v2\/posts\/616\/revisions"}],"predecessor-version":[{"id":2408,"href":"https:\/\/cejc-madrid.org\/index.php\/wp-json\/wp\/v2\/posts\/616\/revisions\/2408"}],"wp:featuredmedia":[{"embeddable":true,"href":"https:\/\/cejc-madrid.org\/index.php\/wp-json\/wp\/v2\/media\/615"}],"wp:attachment":[{"href":"https:\/\/cejc-madrid.org\/index.php\/wp-json\/wp\/v2\/media?parent=616"}],"wp:term":[{"taxonomy":"category","embeddable":true,"href":"https:\/\/cejc-madrid.org\/index.php\/wp-json\/wp\/v2\/categories?post=616"},{"taxonomy":"post_tag","embeddable":true,"href":"https:\/\/cejc-madrid.org\/index.php\/wp-json\/wp\/v2\/tags?post=616"}],"curies":[{"name":"wp","href":"https:\/\/api.w.org\/{rel}","templated":true}]}}