{"id":618,"date":"2023-06-02T10:13:24","date_gmt":"2023-06-02T10:13:24","guid":{"rendered":"https:\/\/upbeat-goodall.82-223-35-84.plesk.page\/index.php\/2023\/06\/02\/circular-n-227-enero-marzo-2023\/"},"modified":"2024-11-27T09:23:06","modified_gmt":"2024-11-27T09:23:06","slug":"circular-n-227-enero-marzo-2023","status":"publish","type":"post","link":"https:\/\/cejc-madrid.org\/index.php\/2023\/06\/02\/circular-n-227-enero-marzo-2023\/","title":{"rendered":"Circular n\u00ba 227 Enero-Marzo 2023"},"content":{"rendered":"<p>La Circular de este trimestre se acerca a los siguientes temas:<\/p>\n<ul>\n<li>\u00b7 El CEJC, presente en los actos institucionales de conmemoraci\u00f3n de las v\u00edctimas del Holocausto<\/li>\n<\/ul>\n<ul>\n<li>\u00b7 Di\u00e1logo y cooperaci\u00f3n entre jud\u00edos y cat\u00f3licos despu\u00e9s del Concilio<\/li>\n<li>\u00b7 China: gobierno comunista demuele casas de religiosas arbitrariamente<\/li>\n<li>\u00b7 Aumentan los casos de antisemitismo en Barcelona<\/li>\n<li>\u00b7 Brasil: m\u00e9dicos israel\u00edes atienden en la selva amaz\u00f3nica<\/li>\n<li>\u00b7 El Congreso Jud\u00edo Latinoamericano saluda a Francisco por sus diez a\u00f1os de papado<\/li>\n<li>\u00b7 La revoluci\u00f3n de las iran\u00edes contra el velo<\/li>\n<li>\u00b7 Una cirug\u00eda card\u00edaca en Israel da a una beb\u00e9 et\u00edope una nueva oportunidad de vida<\/li>\n<li>\u00b7 En medio de la guerra, los jud\u00edos ucranianos celebran Purim: una de las fiestas m\u00e1s alegres y profundas del calendario jud\u00edo<\/li>\n<li>\u00b7 Antisemitismo en Francia<\/li>\n<li>\u00b7 De la cabina del avi\u00f3n a las operaciones de cataratas: cascos de vuelo israel\u00edes en cirug\u00edas<\/li>\n<li>\u00b7 El Papa Francisco: Jerusal\u00e9n, la ciudad de la paz<\/li>\n<li>\u00b7 Primeros vuelos comerciales israel\u00edes sobre el espacio a\u00e9reo de Om\u00e1n<\/li>\n<li>\u00b7 Persecuci\u00f3n cristiana en Nicaragua<\/li>\n<li>\u00b7 Falleci\u00f3 Shalom Rosenberg, brillante intelectual argentino-israel\u00ed<\/li>\n<li>\u00b7 El Rey Felipe VI recibe al Comit\u00e9 Ejecutivo del Congreso Jud\u00edo Mundial (WJC)<\/li>\n<li>\u00b7 La cirug\u00eda cerebral en Israel: de la m\u00e1s antigua descubierta en Megiddo al robot m\u00e1s peque\u00f1o y preciso del mundo<\/li>\n<li>\u00b7 Adi\u00f3s a Haim Topol, el inolvidable \u201cViolinista en el tejado\u201d<\/li>\n<\/ul>\n<p>Noticias del Centro<\/p>\n","protected":false},"excerpt":{"rendered":"<p>La Circular de este trimestre se acerca a los siguientes temas: \u00b7 El CEJC, presente en los actos institucionales de conmemoraci\u00f3n de las v\u00edctimas del Holocausto \u00b7 Di\u00e1logo y cooperaci\u00f3n entre jud\u00edos y cat\u00f3licos despu\u00e9s del Concilio \u00b7 China: gobierno comunista demuele casas de religiosas arbitrariamente \u00b7 Aumentan los casos de antisemitismo en Barcelona \u00b7 [&hellip;]<\/p>\n","protected":false},"author":1,"featured_media":2523,"comment_status":"open","ping_status":"open","sticky":false,"template":"","format":"standard","meta":{"_et_pb_use_builder":"","_et_pb_old_content":"","_et_gb_content_width":"","footnotes":""},"categories":[4],"tags":[],"class_list":["post-618","post","type-post","status-publish","format-standard","has-post-thumbnail","hentry","category-circular"],"_links":{"self":[{"href":"https:\/\/cejc-madrid.org\/index.php\/wp-json\/wp\/v2\/posts\/618","targetHints":{"allow":["GET"]}}],"collection":[{"href":"https:\/\/cejc-madrid.org\/index.php\/wp-json\/wp\/v2\/posts"}],"about":[{"href":"https:\/\/cejc-madrid.org\/index.php\/wp-json\/wp\/v2\/types\/post"}],"author":[{"embeddable":true,"href":"https:\/\/cejc-madrid.org\/index.php\/wp-json\/wp\/v2\/users\/1"}],"replies":[{"embeddable":true,"href":"https:\/\/cejc-madrid.org\/index.php\/wp-json\/wp\/v2\/comments?post=618"}],"version-history":[{"count":1,"href":"https:\/\/cejc-madrid.org\/index.php\/wp-json\/wp\/v2\/posts\/618\/revisions"}],"predecessor-version":[{"id":2524,"href":"https:\/\/cejc-madrid.org\/index.php\/wp-json\/wp\/v2\/posts\/618\/revisions\/2524"}],"wp:featuredmedia":[{"embeddable":true,"href":"https:\/\/cejc-madrid.org\/index.php\/wp-json\/wp\/v2\/media\/2523"}],"wp:attachment":[{"href":"https:\/\/cejc-madrid.org\/index.php\/wp-json\/wp\/v2\/media?parent=618"}],"wp:term":[{"taxonomy":"category","embeddable":true,"href":"https:\/\/cejc-madrid.org\/index.php\/wp-json\/wp\/v2\/categories?post=618"},{"taxonomy":"post_tag","embeddable":true,"href":"https:\/\/cejc-madrid.org\/index.php\/wp-json\/wp\/v2\/tags?post=618"}],"curies":[{"name":"wp","href":"https:\/\/api.w.org\/{rel}","templated":true}]}}