{"id":619,"date":"2023-06-02T10:30:14","date_gmt":"2023-06-02T10:30:14","guid":{"rendered":"https:\/\/upbeat-goodall.82-223-35-84.plesk.page\/index.php\/2023\/06\/02\/circular-n-226-octubre-diciembre-2022\/"},"modified":"2024-11-27T09:24:04","modified_gmt":"2024-11-27T09:24:04","slug":"circular-n-226-octubre-diciembre-2022","status":"publish","type":"post","link":"https:\/\/cejc-madrid.org\/index.php\/2023\/06\/02\/circular-n-226-octubre-diciembre-2022\/","title":{"rendered":"Circular n\u00ba 226 Octubre-Diciembre 2022"},"content":{"rendered":"<p>La Circular de este trimestre se acerca a los siguientes temas:<\/p>\n<ul>\n<li>El CEJC conmemora su 50\u00ba aniversario<\/li>\n<li>Inauguraci\u00f3n del curso acad\u00e9mico 2022\/2023<\/li>\n<li>La UE denuncia las palabras del presidente iran\u00ed sobre el Holocausto: \u2018Es un insulto a las v\u00edctimas\u2019<\/li>\n<li>Los l\u00edderes israel\u00edes rinden homenaje a Jonathan Sacks<\/li>\n<li>\u00bfEl fin del \u2018BDS\u2019 contra Israel en Espa\u00f1a?<\/li>\n<li>Austria combate la apolog\u00eda del nazismo y el antisemitismo<\/li>\n<li>Macron reclama vigilancia frente a un antisemitismo rampante<\/li>\n<li>Descubren un tesoro de la \u00e9poca del Templo en el coraz\u00f3n de Galilea<\/li>\n<li>Covid e invasi\u00f3n de Ucrania impulsan el antisemitismo en la UE<\/li>\n<li>Misioneras de la Madre Teresa, expulsadas de Nicaragua<\/li>\n<li>El Congreso Jud\u00edo Mundial lanza \u2018Kishreinu\u2019 como respuesta hebrea al Concilio Vaticano II<\/li>\n<li>Marruecos abre la primera sinagoga en un campus universitario del mundo \u00e1rabe<\/li>\n<li>Decenas de monedas de oro puro del siglo VII son descubiertas en un escondite secreto al norte de Israel<\/li>\n<li>Marcel Marceau, el inolvidable mimo que salv\u00f3 a m\u00e1s de 400 ni\u00f1os jud\u00edos de los nazis<\/li>\n<li>M\u00e9dicos de Israel salvan a ni\u00f1os en \u00c1frica<\/li>\n<li>Nuevo impulso para detener el genocidio de cristianos en Nigeria<\/li>\n<li>La superviviente de Auschwitz Liliana Segre, presidenta del Senado italiano por un d\u00eda<\/li>\n<li>Un dispositivo israel\u00ed protege a ciclistas y conductores<\/li>\n<li>Noticias del Centro<\/li>\n<\/ul>\n","protected":false},"excerpt":{"rendered":"<p>La Circular de este trimestre se acerca a los siguientes temas: El CEJC conmemora su 50\u00ba aniversario Inauguraci\u00f3n del curso acad\u00e9mico 2022\/2023 La UE denuncia las palabras del presidente iran\u00ed sobre el Holocausto: \u2018Es un insulto a las v\u00edctimas\u2019 Los l\u00edderes israel\u00edes rinden homenaje a Jonathan Sacks \u00bfEl fin del \u2018BDS\u2019 contra Israel en Espa\u00f1a? [&hellip;]<\/p>\n","protected":false},"author":1,"featured_media":2525,"comment_status":"open","ping_status":"open","sticky":false,"template":"","format":"standard","meta":{"_et_pb_use_builder":"","_et_pb_old_content":"","_et_gb_content_width":"","footnotes":""},"categories":[4],"tags":[],"class_list":["post-619","post","type-post","status-publish","format-standard","has-post-thumbnail","hentry","category-circular"],"_links":{"self":[{"href":"https:\/\/cejc-madrid.org\/index.php\/wp-json\/wp\/v2\/posts\/619","targetHints":{"allow":["GET"]}}],"collection":[{"href":"https:\/\/cejc-madrid.org\/index.php\/wp-json\/wp\/v2\/posts"}],"about":[{"href":"https:\/\/cejc-madrid.org\/index.php\/wp-json\/wp\/v2\/types\/post"}],"author":[{"embeddable":true,"href":"https:\/\/cejc-madrid.org\/index.php\/wp-json\/wp\/v2\/users\/1"}],"replies":[{"embeddable":true,"href":"https:\/\/cejc-madrid.org\/index.php\/wp-json\/wp\/v2\/comments?post=619"}],"version-history":[{"count":1,"href":"https:\/\/cejc-madrid.org\/index.php\/wp-json\/wp\/v2\/posts\/619\/revisions"}],"predecessor-version":[{"id":2526,"href":"https:\/\/cejc-madrid.org\/index.php\/wp-json\/wp\/v2\/posts\/619\/revisions\/2526"}],"wp:featuredmedia":[{"embeddable":true,"href":"https:\/\/cejc-madrid.org\/index.php\/wp-json\/wp\/v2\/media\/2525"}],"wp:attachment":[{"href":"https:\/\/cejc-madrid.org\/index.php\/wp-json\/wp\/v2\/media?parent=619"}],"wp:term":[{"taxonomy":"category","embeddable":true,"href":"https:\/\/cejc-madrid.org\/index.php\/wp-json\/wp\/v2\/categories?post=619"},{"taxonomy":"post_tag","embeddable":true,"href":"https:\/\/cejc-madrid.org\/index.php\/wp-json\/wp\/v2\/tags?post=619"}],"curies":[{"name":"wp","href":"https:\/\/api.w.org\/{rel}","templated":true}]}}