{"id":632,"date":"2023-06-21T15:47:59","date_gmt":"2023-06-21T15:47:59","guid":{"rendered":"https:\/\/upbeat-goodall.82-223-35-84.plesk.page\/index.php\/2023\/06\/21\/jornada-de-amistad-judeo-cristiana-en-toledo\/"},"modified":"2024-11-27T11:46:30","modified_gmt":"2024-11-27T11:46:30","slug":"jornada-de-amistad-judeo-cristiana-en-toledo","status":"publish","type":"post","link":"https:\/\/cejc-madrid.org\/index.php\/2023\/06\/21\/jornada-de-amistad-judeo-cristiana-en-toledo\/","title":{"rendered":"Jornada de Amistad Judeo-Cristiana en Toledo"},"content":{"rendered":"<p>[pb_row][pb_column span=\u00bbspan12&#8243;][pb_text]<\/p>\n<p>La Federaci\u00f3n de Comunidades Jud\u00edas de Espa\u00f1a (FCJE) y el Arzobispado de Toledo, con la colaboraci\u00f3n del Centro de Estudios judeo-cristianos (CEJC), organizaron el domingo 18 de junio la Primera Jornada de amistad judeo cristiana bajo el lema \u201cToledo, hogar de convivencia judeo-cristiana\u201d.<\/p>\n<p>La jornada se desarroll\u00f3 en la sede del Arzobispado donde el Arzobispo de Toledo y Primado de Espa\u00f1a, Francisco Cerro Chaves, recibi\u00f3 al presidente de la FCJE, Isaac Benzaqu\u00e9n, a la directora del CEJC y al grupo de unas 50 personas (cristianos y jud\u00edos) llegadas desde Madrid para participar en la Jornada.<\/p>\n<p>Por la ma\u00f1ana y tras la entra\u00f1able<a href=\"https:\/\/www.youtube.com\/watch?v=lRh0-D1FOg8\">\u00a0bienvenida del Obispo de Toledo<\/a>, el profesor em\u00e9rito de Historia de la Universidad de Bar Ilan (Israel), Mosh\u00e9 Orfali expuso en una charla la importancia de Toledo para el mundo jud\u00edo.<\/p>\n<p>Acto seguido los participantes se desplazaron hasta la sinagoga Mayor, conocida como Santa Mar\u00eda la Blanca, donde el coro de la Capilla Diocesana de Toledo interpret\u00f3 una emotiva versi\u00f3n del\u00a0<a href=\"https:\/\/www.youtube.com\/watch?v=aFgw-E_edx8\">\u201cShem\u00e1 Israel\u201d<\/a>, la plegaria m\u00e1s sagrada del Juda\u00edsmo.<\/p>\n<p>El Arzobispo de Toledo, Francisco Cerro y el rabino Pinhas Punturello,\u00a0<a href=\"https:\/\/www.youtube.com\/shorts\/2jLf97L3MPg\">recitaron conjuntamente el salmo 133<\/a>\u00a0y elevaron una\u00a0<a href=\"https:\/\/www.youtube.com\/watch?v=TFkcmF2CcHk\">bendici\u00f3n conjunta<\/a>.<\/p>\n<p>Result\u00f3 realmente reconfortante y emocionante escuchar la sagrada oraci\u00f3n jud\u00eda en el\u00a0<a href=\"https:\/\/www.youtube.com\/watch?v=i1dJc2sENAw\">incomparable marco<\/a>\u00a0donde cientos de a\u00f1os atr\u00e1s hicieron lo propio los debotos jud\u00edos que se reun\u00edan en la Sinagoga Mayor para celebrar los rituales lit\u00fargicos.<\/p>\n<p>Tras el almuerzo, el grupo escuch\u00f3 la mesa redonda titulada \u201cToledo, hogar de convivencia judeocristiana\u201d en la que participaron el Doctor en Historia y Profesor de la \u00a0Universidad \u00a0de Castilla-La Mancha, Jos\u00e9 Carlos Vizuete Mendoza, el ex alcalde de Toledo y ex Secretario de Estado de Defensa, Agust\u00edn Conde y el director de Relaciones Interconfesionales de la Archidi\u00f3cesis de Toledo, Juan Manuel Uceta.<\/p>\n<p>La clausura estuvo a cargo de Isaac Benzaqu\u00e9n y Mayte Rodriguez que destacaron el hito hist\u00f3rico que supone la celebraci\u00f3n de la Jornada y se comprometieron con la celebraci\u00f3n de la misma en a\u00f1os sucesivos.<\/p>\n<p>Texto e im\u00e1genes cedidas por la Federaci\u00f3n de Comunidades Jud\u00edas de Espa\u00f1a<\/p>\n<p>Fotos:\u00a0<a href=\"https:\/\/cejc-madrid.org\/wp-content\/uploads\/2023\/06\/Catedral.jpg\">Arzobispo con Benzaquen<\/a>\u00a0&#8211; <a href=\"https:\/\/cejc-madrid.org\/wp-content\/uploads\/2023\/06\/Fotos-actos.jpg\">Agradecimiento<\/a> &#8211; <a href=\"https:\/\/cejc-madrid.org\/wp-content\/uploads\/2023\/06\/Llegada.jpg\">Llegada<\/a> &#8211; <a href=\"https:\/\/cejc-madrid.org\/wp-content\/uploads\/2023\/06\/Oracion-en-Sinagoga.jpg\">Oraci\u00f3n en Sinagoga<\/a> &#8211; <a href=\"https:\/\/cejc-madrid.org\/wp-content\/uploads\/2023\/06\/Salmo.jpg\">Salmo<\/a> &#8211; <a href=\"https:\/\/cejc-madrid.org\/wp-content\/uploads\/2023\/06\/Coral.jpg\">Coral<\/a> &#8211; <a href=\"https:\/\/cejc-madrid.org\/wp-content\/uploads\/2023\/06\/Comida.jpg\">Comida<\/a> &#8211; <a href=\"https:\/\/cejc-madrid.org\/wp-content\/uploads\/2023\/06\/Mesa-redonda.jpg\">Mesa redonda<\/a> &#8211; <a href=\"https:\/\/cejc-madrid.org\/wp-content\/uploads\/2023\/06\/Conclusion.jpg\">Conclusi\u00f3n<\/a><\/p>\n<p>Videos:\u00a0<a href=\"https:\/\/cejc-madrid.org\/wp-content\/uploads\/2023\/06\/Video-Shema-Israel.mp4\">Video Shema Israel<\/a> &#8211; <a href=\"https:\/\/cejc-madrid.org\/wp-content\/uploads\/2023\/06\/Video-Eterna-es-su-misericordia.mp4\">Video Eterna es su misericordia<\/a><\/p>\n<p>Enlaces:<\/p>\n<div class=\"description\">\n<p><a href=\"https:\/\/www.radiosefarad.com\/que-maravilloso-y-agradable-es-cuando-los-hermanos-conviven-en-armonia-toledo-18-6-2023\/\">https:\/\/www.radiosefarad.com\/que-maravilloso-y-agradable-es-cuando-los-hermanos-conviven-en-armonia-toledo-18-6-2023\/<\/a><\/p>\n<p><a href=\"https:\/\/www.radiosefarad.com\/comienza-la-jornada-de-amistad-judeocristiana-en-toledo-2023\/\">https:\/\/www.radiosefarad.com\/comienza-la-jornada-de-amistad-judeocristiana-en-toledo-2023\/<\/a><\/p>\n<p><a href=\"https:\/\/www.radiosefarad.com\/juan-manuel-uzeta-delegado-de-ecumenismo-de-la-archidiocesis-de-toledo-y-uno-de-los-organizadores-del-reciente-encuentro\/\">https:\/\/www.radiosefarad.com\/juan-manuel-uzeta-delegado-de-ecumenismo-de-la-archidiocesis-de-toledo-y-uno-de-los-organizadores-del-reciente-encuentro\/<\/a><\/p>\n<p>En los medios:<\/p>\n<p>* ABC:\u00a0<a href=\"https:\/\/www.abc.es\/sociedad\/judios-catolicos-estrechan-lazos-primera-jornada-convivencia-20230619193208-nt.html\">Jud\u00edos y cat\u00f3licos estrechan lazos en la primera jornada de convivencia entre ambas confesiones en Toledo<\/a><\/p>\n<p>* El\u00a0Debate:\u00a0<a href=\"https:\/\/www.eldebate.com\/religion\/20230621\/posible-fraternidad-entre-cristianos-judios-toledo-dicen-si_122878.html\">\u00bfPueden convivir en paz jud\u00edos y cristianos? Toledo asiste al hito hist\u00f3rico<\/a><\/p>\n<p>* Confidencial\u00a0Digital:\u00a0<a href=\"https:\/\/religion.elconfidencialdigital.com\/articulo\/otras_religiones\/arzobispado-toledo-federacion-comunidades-judias-espana-organizan-jornadas-amistad-judeo-cristiana\/20230620004042046492.html?utm_campaign=buenos-d-as-tu-bolet-n-diario-de-religi-n-confidencial&amp;utm_medium=email&amp;utm_edition=202306200500&amp;utm_source=newsletter\">El arzobispado de Toledo y la Federaci\u00f3n de Comunidades Jud\u00edas de Espa\u00f1a organizan la primera jornada de amistad judeo-cristiana<\/a><\/p>\n<p>* La Voz\u00a0de C\u00e1diz:\u00a0<a href=\"https:\/\/www.lavozdigital.es\/sociedad\/judios-catolicos-estrechan-lazos-primera-jornada-convivencia-20230619193208-nt.html?ref=https:\/\/www.lavozdigital.es\/sociedad\/judios-catolicos-estrechan-lazos-primera-jornada-convivencia-20230619193208-nt.html\">Jud\u00edos y cat\u00f3licos estrechan lazos en la primera jornada de convivencia entre ambas confesiones en Toledo<\/a><\/p>\n<p>* Europa Press:\u00a0<a href=\"https:\/\/www.europapress.es\/sociedad\/noticia-judios-catolicos-celebran-jornada-amistad-judeo-cristiana-toledo-20230619184715.html\">Jud\u00edos y cat\u00f3licos celebran una jornada de amistad judeo cristiana en Toledo<\/a><\/p>\n<p>* Israel Econ\u00f3mico:\u00a0<a href=\"https:\/\/www.israeleconomico.com\/cultura\/judios-y-cristianos-oraron-juntos-en-toledo-la-ciudad-de-la-convivencia\/\">Jud\u00edos y cristianos oraron juntos en Toledo, la ciudad de la convivencia<\/a><\/p>\n<\/div>\n<p>[\/pb_text][\/pb_column][\/pb_row]<\/p>\n","protected":false},"excerpt":{"rendered":"<p>[pb_row][pb_column span=\u00bbspan12&#8243;][pb_text] La Federaci\u00f3n de Comunidades Jud\u00edas de Espa\u00f1a (FCJE) y el Arzobispado de Toledo, con la colaboraci\u00f3n del Centro de Estudios judeo-cristianos (CEJC), organizaron el domingo 18 de junio la Primera Jornada de amistad judeo cristiana bajo el lema \u201cToledo, hogar de convivencia judeo-cristiana\u201d. La jornada se desarroll\u00f3 en la sede del Arzobispado donde [&hellip;]<\/p>\n","protected":false},"author":1,"featured_media":2556,"comment_status":"open","ping_status":"open","sticky":false,"template":"","format":"standard","meta":{"_et_pb_use_builder":"","_et_pb_old_content":"","_et_gb_content_width":"","footnotes":""},"categories":[33,1],"tags":[],"class_list":["post-632","post","type-post","status-publish","format-standard","has-post-thumbnail","hentry","category-news","category-uncategorized"],"_links":{"self":[{"href":"https:\/\/cejc-madrid.org\/index.php\/wp-json\/wp\/v2\/posts\/632","targetHints":{"allow":["GET"]}}],"collection":[{"href":"https:\/\/cejc-madrid.org\/index.php\/wp-json\/wp\/v2\/posts"}],"about":[{"href":"https:\/\/cejc-madrid.org\/index.php\/wp-json\/wp\/v2\/types\/post"}],"author":[{"embeddable":true,"href":"https:\/\/cejc-madrid.org\/index.php\/wp-json\/wp\/v2\/users\/1"}],"replies":[{"embeddable":true,"href":"https:\/\/cejc-madrid.org\/index.php\/wp-json\/wp\/v2\/comments?post=632"}],"version-history":[{"count":2,"href":"https:\/\/cejc-madrid.org\/index.php\/wp-json\/wp\/v2\/posts\/632\/revisions"}],"predecessor-version":[{"id":2557,"href":"https:\/\/cejc-madrid.org\/index.php\/wp-json\/wp\/v2\/posts\/632\/revisions\/2557"}],"wp:featuredmedia":[{"embeddable":true,"href":"https:\/\/cejc-madrid.org\/index.php\/wp-json\/wp\/v2\/media\/2556"}],"wp:attachment":[{"href":"https:\/\/cejc-madrid.org\/index.php\/wp-json\/wp\/v2\/media?parent=632"}],"wp:term":[{"taxonomy":"category","embeddable":true,"href":"https:\/\/cejc-madrid.org\/index.php\/wp-json\/wp\/v2\/categories?post=632"},{"taxonomy":"post_tag","embeddable":true,"href":"https:\/\/cejc-madrid.org\/index.php\/wp-json\/wp\/v2\/tags?post=632"}],"curies":[{"name":"wp","href":"https:\/\/api.w.org\/{rel}","templated":true}]}}