{"id":633,"date":"2023-07-04T09:00:04","date_gmt":"2023-07-04T09:00:04","guid":{"rendered":"https:\/\/upbeat-goodall.82-223-35-84.plesk.page\/index.php\/2023\/07\/04\/circular-n-228-abril-junio-2023\/"},"modified":"2024-11-26T12:42:18","modified_gmt":"2024-11-26T12:42:18","slug":"circular-n-228-abril-junio-2023","status":"publish","type":"post","link":"https:\/\/cejc-madrid.org\/index.php\/2023\/07\/04\/circular-n-228-abril-junio-2023\/","title":{"rendered":"Circular n\u00ba 228 Abril-Junio 2023"},"content":{"rendered":"<p>La circular de este trimestre se acerca a los siguientes temas:<\/p>\n<ul>\n<li>El CEJC clausura su curso acad\u00e9mico 2022\/23<\/li>\n<\/ul>\n<ul>\n<li>El cardenal Koch en Eslovaquia: \u201cEl di\u00e1logo interreligioso, fundamento de la paz\u201d<\/li>\n<li>Persecuci\u00f3n de los cristianos en \u00c1frica<\/li>\n<li>ADL publica una encuesta sobre el antisemitismo en Europa<\/li>\n<li>Hallan un escrito en lengua romance escrito por el fil\u00f3sofo Maim\u00f3nides<\/li>\n<li>Los obispos franceses publican un \u201cmanual\u201d para \u201cdesmontar el antijuda\u00edsmo cristiano\u201d<\/li>\n<li>M\u00e9xico sigue siendo el pa\u00eds m\u00e1s peligroso para los sacerdotes en Latinoam\u00e9rica<\/li>\n<li>Israel, 75 a\u00f1os de audacia e innovaci\u00f3n<\/li>\n<li>Los Rollos de la Tor\u00e1 de Leipzig que sobrevivieron la Kristallnacht y el Holocausto fueron donados a Israel<\/li>\n<li>Jornada de amistad judeo-cat\u00f3lica en Toledo, la ciudad de la convivencia<\/li>\n<li>Falleci\u00f3 Thomas Buergenthal, superviviente de Auschwitz y ex juez del Tribunal de La Haya<\/li>\n<li>El \u201cC\u00f3dice Sassoon\u201d en el Museo del Pueblo Jud\u00edo (ANU)<\/li>\n<li>Colocan en Jerusalem la piedra angular del memorial de v\u00edctimas del terrorismo<\/li>\n<li>Tratamiento de radiaci\u00f3n que elimina los tumores desde el interior<\/li>\n<li>Cursos de hebreo en el CEJC<\/li>\n<\/ul>\n","protected":false},"excerpt":{"rendered":"<p>La circular de este trimestre se acerca a los siguientes temas: El CEJC clausura su curso acad\u00e9mico 2022\/23 El cardenal Koch en Eslovaquia: \u201cEl di\u00e1logo interreligioso, fundamento de la paz\u201d Persecuci\u00f3n de los cristianos en \u00c1frica ADL publica una encuesta sobre el antisemitismo en Europa Hallan un escrito en lengua romance escrito por el fil\u00f3sofo [&hellip;]<\/p>\n","protected":false},"author":1,"featured_media":2521,"comment_status":"open","ping_status":"open","sticky":false,"template":"","format":"standard","meta":{"_et_pb_use_builder":"","_et_pb_old_content":"","_et_gb_content_width":"","footnotes":""},"categories":[4],"tags":[],"class_list":["post-633","post","type-post","status-publish","format-standard","has-post-thumbnail","hentry","category-circular"],"_links":{"self":[{"href":"https:\/\/cejc-madrid.org\/index.php\/wp-json\/wp\/v2\/posts\/633","targetHints":{"allow":["GET"]}}],"collection":[{"href":"https:\/\/cejc-madrid.org\/index.php\/wp-json\/wp\/v2\/posts"}],"about":[{"href":"https:\/\/cejc-madrid.org\/index.php\/wp-json\/wp\/v2\/types\/post"}],"author":[{"embeddable":true,"href":"https:\/\/cejc-madrid.org\/index.php\/wp-json\/wp\/v2\/users\/1"}],"replies":[{"embeddable":true,"href":"https:\/\/cejc-madrid.org\/index.php\/wp-json\/wp\/v2\/comments?post=633"}],"version-history":[{"count":1,"href":"https:\/\/cejc-madrid.org\/index.php\/wp-json\/wp\/v2\/posts\/633\/revisions"}],"predecessor-version":[{"id":2522,"href":"https:\/\/cejc-madrid.org\/index.php\/wp-json\/wp\/v2\/posts\/633\/revisions\/2522"}],"wp:featuredmedia":[{"embeddable":true,"href":"https:\/\/cejc-madrid.org\/index.php\/wp-json\/wp\/v2\/media\/2521"}],"wp:attachment":[{"href":"https:\/\/cejc-madrid.org\/index.php\/wp-json\/wp\/v2\/media?parent=633"}],"wp:term":[{"taxonomy":"category","embeddable":true,"href":"https:\/\/cejc-madrid.org\/index.php\/wp-json\/wp\/v2\/categories?post=633"},{"taxonomy":"post_tag","embeddable":true,"href":"https:\/\/cejc-madrid.org\/index.php\/wp-json\/wp\/v2\/tags?post=633"}],"curies":[{"name":"wp","href":"https:\/\/api.w.org\/{rel}","templated":true}]}}