{"id":635,"date":"2023-07-17T08:30:02","date_gmt":"2023-07-17T08:30:02","guid":{"rendered":"https:\/\/upbeat-goodall.82-223-35-84.plesk.page\/index.php\/2023\/07\/17\/programa-shalom-i-jornada-de-amistad-judeo-cristiana-en-toledo\/"},"modified":"2024-11-27T11:58:00","modified_gmt":"2024-11-27T11:58:00","slug":"programa-shalom-i-jornada-de-amistad-judeo-cristiana-en-toledo","status":"publish","type":"post","link":"https:\/\/cejc-madrid.org\/index.php\/2023\/07\/17\/programa-shalom-i-jornada-de-amistad-judeo-cristiana-en-toledo\/","title":{"rendered":"Programa Shalom &#8211; I Jornada de Amistad Judeo-Cristiana en Toledo"},"content":{"rendered":"<p>El programa de rtve \u00abShalom\u00bb, de cultura y religi\u00f3n hebrea, transmiti\u00f3 un reportaje sobre la<strong> I Jornada de Amistad Judeo-Cristiana<\/strong> del pasado 18 de junio, organizada por la Federaci\u00f3n de Comunidades Jud\u00edas de Espa\u00f1a y el Arzobispado de Toledo, con la colaboraci\u00f3n del Centro de Estudios Judeo-Cristianos. Es posible verlo en el siguiente enlace:\u00a0 <a href=\"https:\/\/play.rtve.es\/v\/6935362\">https:\/\/play.rtve.es\/v\/6935362<\/a><\/p>\n","protected":false},"excerpt":{"rendered":"<p>El programa de rtve \u00abShalom\u00bb, de cultura y religi\u00f3n hebrea, transmiti\u00f3 un reportaje sobre la I Jornada de Amistad Judeo-Cristiana del pasado 18 de junio, organizada por la Federaci\u00f3n de Comunidades Jud\u00edas de Espa\u00f1a y el Arzobispado de Toledo, con la colaboraci\u00f3n del Centro de Estudios Judeo-Cristianos. Es posible verlo en el siguiente enlace:\u00a0 https:\/\/play.rtve.es\/v\/6935362<\/p>\n","protected":false},"author":1,"featured_media":2559,"comment_status":"open","ping_status":"open","sticky":false,"template":"","format":"standard","meta":{"_et_pb_use_builder":"","_et_pb_old_content":"","_et_gb_content_width":"","footnotes":""},"categories":[33,1],"tags":[],"class_list":["post-635","post","type-post","status-publish","format-standard","has-post-thumbnail","hentry","category-news","category-uncategorized"],"_links":{"self":[{"href":"https:\/\/cejc-madrid.org\/index.php\/wp-json\/wp\/v2\/posts\/635","targetHints":{"allow":["GET"]}}],"collection":[{"href":"https:\/\/cejc-madrid.org\/index.php\/wp-json\/wp\/v2\/posts"}],"about":[{"href":"https:\/\/cejc-madrid.org\/index.php\/wp-json\/wp\/v2\/types\/post"}],"author":[{"embeddable":true,"href":"https:\/\/cejc-madrid.org\/index.php\/wp-json\/wp\/v2\/users\/1"}],"replies":[{"embeddable":true,"href":"https:\/\/cejc-madrid.org\/index.php\/wp-json\/wp\/v2\/comments?post=635"}],"version-history":[{"count":2,"href":"https:\/\/cejc-madrid.org\/index.php\/wp-json\/wp\/v2\/posts\/635\/revisions"}],"predecessor-version":[{"id":2560,"href":"https:\/\/cejc-madrid.org\/index.php\/wp-json\/wp\/v2\/posts\/635\/revisions\/2560"}],"wp:featuredmedia":[{"embeddable":true,"href":"https:\/\/cejc-madrid.org\/index.php\/wp-json\/wp\/v2\/media\/2559"}],"wp:attachment":[{"href":"https:\/\/cejc-madrid.org\/index.php\/wp-json\/wp\/v2\/media?parent=635"}],"wp:term":[{"taxonomy":"category","embeddable":true,"href":"https:\/\/cejc-madrid.org\/index.php\/wp-json\/wp\/v2\/categories?post=635"},{"taxonomy":"post_tag","embeddable":true,"href":"https:\/\/cejc-madrid.org\/index.php\/wp-json\/wp\/v2\/tags?post=635"}],"curies":[{"name":"wp","href":"https:\/\/api.w.org\/{rel}","templated":true}]}}