{"id":637,"date":"2023-09-22T09:37:40","date_gmt":"2023-09-22T09:37:40","guid":{"rendered":"https:\/\/upbeat-goodall.82-223-35-84.plesk.page\/index.php\/2023\/09\/22\/mensaje-celebracion-de-rosh-hashana-yom-kipur-sucot\/"},"modified":"2023-09-22T09:37:40","modified_gmt":"2023-09-22T09:37:40","slug":"mensaje-celebracion-de-rosh-hashana-yom-kipur-sucot","status":"publish","type":"post","link":"https:\/\/cejc-madrid.org\/index.php\/2023\/09\/22\/mensaje-celebracion-de-rosh-hashana-yom-kipur-sucot\/","title":{"rendered":"MENSAJE CELEBRACI\u00d3N DE ROSH HASHAN\u00c1 \u2013 YOM KIPUR &#8211; SUCOT"},"content":{"rendered":"<p><strong>CONFERENCIA EPISCOPAL ESPA\u00d1OLA<\/strong><\/p>\n<p><strong>Mensaje a las Comunidades Jud\u00edas de Espa\u00f1a con motivo de la celebraci\u00f3n de Rosh Hashan\u00e1 \u2013 Yom Kipur &#8211; Sucot<\/strong><\/p>\n<p>Estimados hermanos:<\/p>\n<p>La declaraci\u00f3n <em>Nostra aetate <\/em>del Concilio Vaticano II afirm\u00f3 que \u00abel pueblo del Nuevo Testamento est\u00e1 espiritualmente unido con la estirpe de Abrah\u00e1n\u00bb (NA 4), y el papa san Juan Pablo II os llam\u00f3 \u201cnuestros hermanos mayores\u201d. Esta hermandad entre jud\u00edos y cristianos nos mueve a dirigiros cordialmente este mensaje con motivo de la celebraci\u00f3n de las fiestas de <em>Rosh Hashan\u00e1 <\/em>(A\u00f1o Nuevo), <em>Yom Kipur<\/em> (D\u00eda del Perd\u00f3n) y <em>Sucot <\/em>(Fiesta de las Tiendas o Caba\u00f1as). &nbsp;Con ellas, vuestras comunidades toman conciencia a\u00f1o tras a\u00f1o de que la Creaci\u00f3n y la Vida son un don del Dios misericordioso, que recrea continuamente la existencia del ser humano y acompa\u00f1a su peregrinaci\u00f3n hacia la Tierra Prometida.<\/p>\n<p>Jud\u00edos y cristianos somos pueblos peregrinos, con los pies en la tierra y el coraz\u00f3n puesto en la esperanza de los cielos nuevos y la tierra nueva. En nuestra peregrinaci\u00f3n deseamos dejar en este mundo la huella de nuestros valores religiosos, que ahuyenten el individualismo y el materialismo que desvirt\u00faan a la humanidad, e impulsen a los hombres y mujeres de este mundo a construir una sociedad fraterna, donde brille la justicia y la paz.<\/p>\n<p>Renovamos con este mensaje fraterno nuestro deseo de seguir colaborando y trabajando con todas las comunidades jud\u00edas de Espa\u00f1a para aportar a la sociedad espa\u00f1ola la experiencia y la sabidur\u00eda amasada a lo largo de los siglos en nuestras propias tradiciones religiosas.<\/p>\n<p>&nbsp;<\/p>\n<p>Francisco Conesa Ferrer,&nbsp;Presidente de la Subcomisi\u00f3n para Relaciones Interconfesionales y Dialogo Interreligioso<\/p>\n<p>Rafael V\u00e1zquez Jim\u00e9nez, Secretario<\/p>\n","protected":false},"excerpt":{"rendered":"<p>CONFERENCIA EPISCOPAL ESPA\u00d1OLA Mensaje a las Comunidades Jud\u00edas de Espa\u00f1a con motivo de la celebraci\u00f3n de Rosh Hashan\u00e1 \u2013 Yom Kipur &#8211; Sucot Estimados hermanos: La declaraci\u00f3n Nostra aetate del Concilio Vaticano II afirm\u00f3 que \u00abel pueblo del Nuevo Testamento est\u00e1 espiritualmente unido con la estirpe de Abrah\u00e1n\u00bb (NA 4), y el papa san Juan [&hellip;]<\/p>\n","protected":false},"author":1,"featured_media":0,"comment_status":"open","ping_status":"open","sticky":false,"template":"","format":"standard","meta":{"_et_pb_use_builder":"","_et_pb_old_content":"","_et_gb_content_width":"","footnotes":""},"categories":[1],"tags":[],"class_list":["post-637","post","type-post","status-publish","format-standard","hentry","category-uncategorized"],"_links":{"self":[{"href":"https:\/\/cejc-madrid.org\/index.php\/wp-json\/wp\/v2\/posts\/637","targetHints":{"allow":["GET"]}}],"collection":[{"href":"https:\/\/cejc-madrid.org\/index.php\/wp-json\/wp\/v2\/posts"}],"about":[{"href":"https:\/\/cejc-madrid.org\/index.php\/wp-json\/wp\/v2\/types\/post"}],"author":[{"embeddable":true,"href":"https:\/\/cejc-madrid.org\/index.php\/wp-json\/wp\/v2\/users\/1"}],"replies":[{"embeddable":true,"href":"https:\/\/cejc-madrid.org\/index.php\/wp-json\/wp\/v2\/comments?post=637"}],"version-history":[{"count":0,"href":"https:\/\/cejc-madrid.org\/index.php\/wp-json\/wp\/v2\/posts\/637\/revisions"}],"wp:attachment":[{"href":"https:\/\/cejc-madrid.org\/index.php\/wp-json\/wp\/v2\/media?parent=637"}],"wp:term":[{"taxonomy":"category","embeddable":true,"href":"https:\/\/cejc-madrid.org\/index.php\/wp-json\/wp\/v2\/categories?post=637"},{"taxonomy":"post_tag","embeddable":true,"href":"https:\/\/cejc-madrid.org\/index.php\/wp-json\/wp\/v2\/tags?post=637"}],"curies":[{"name":"wp","href":"https:\/\/api.w.org\/{rel}","templated":true}]}}