{"id":639,"date":"2023-10-09T08:39:51","date_gmt":"2023-10-09T08:39:51","guid":{"rendered":"https:\/\/upbeat-goodall.82-223-35-84.plesk.page\/index.php\/2023\/10\/09\/funeral-sor-ionel-mihalovici\/"},"modified":"2023-10-09T08:39:51","modified_gmt":"2023-10-09T08:39:51","slug":"funeral-sor-ionel-mihalovici","status":"publish","type":"post","link":"https:\/\/cejc-madrid.org\/index.php\/2023\/10\/09\/funeral-sor-ionel-mihalovici\/","title":{"rendered":"Funeral sor Ionel Mihalovici"},"content":{"rendered":"<p>Es con profunda tristeza que les comunicamos el fallecimiento de Sor Ionel Mihalovici, NDS.<\/p>\n<p>La hermana Ionel dedic\u00f3 su vida a la Congregaci\u00f3n de Nuestra Se\u00f1ora de Sion y junto con Sor Esperanza Mary, fue piedra angular del Centro de Estudios Judeo-Cristianos en Madrid y promotoras ambas de la Amistad Judeo-Cristiana desde hace m\u00e1s de 60 a\u00f1os.<\/p>\n<p>Su labor en pro del di\u00e1logo fraterno entre jud\u00edos y Cristianos ha sido ejemplo para varias generaciones y dio fruto m\u00e1s all\u00e1 de lo que ella en su profunda humildad imagin\u00f3.<\/p>\n<p>Siempre la recordaremos con cari\u00f1o y rogamos para que su alma quede apegada a la vida eterna.<\/p>\n<p>El funeral por el eterno descanso de su alma, tendr\u00e1 lugar el pr\u00f3ximo d\u00eda 17 de Octubre a las 18:30, en la Parroquia San Juan Cris\u00f3stomo, en la Calle Domenico Scarlatti, n\u00ba 2. Madrid<\/p>\n","protected":false},"excerpt":{"rendered":"<p>Es con profunda tristeza que les comunicamos el fallecimiento de Sor Ionel Mihalovici, NDS. La hermana Ionel dedic\u00f3 su vida a la Congregaci\u00f3n de Nuestra Se\u00f1ora de Sion y junto con Sor Esperanza Mary, fue piedra angular del Centro de Estudios Judeo-Cristianos en Madrid y promotoras ambas de la Amistad Judeo-Cristiana desde hace m\u00e1s de [&hellip;]<\/p>\n","protected":false},"author":1,"featured_media":0,"comment_status":"open","ping_status":"open","sticky":false,"template":"","format":"standard","meta":{"_et_pb_use_builder":"","_et_pb_old_content":"","_et_gb_content_width":"","footnotes":""},"categories":[1],"tags":[],"class_list":["post-639","post","type-post","status-publish","format-standard","hentry","category-uncategorized"],"_links":{"self":[{"href":"https:\/\/cejc-madrid.org\/index.php\/wp-json\/wp\/v2\/posts\/639","targetHints":{"allow":["GET"]}}],"collection":[{"href":"https:\/\/cejc-madrid.org\/index.php\/wp-json\/wp\/v2\/posts"}],"about":[{"href":"https:\/\/cejc-madrid.org\/index.php\/wp-json\/wp\/v2\/types\/post"}],"author":[{"embeddable":true,"href":"https:\/\/cejc-madrid.org\/index.php\/wp-json\/wp\/v2\/users\/1"}],"replies":[{"embeddable":true,"href":"https:\/\/cejc-madrid.org\/index.php\/wp-json\/wp\/v2\/comments?post=639"}],"version-history":[{"count":0,"href":"https:\/\/cejc-madrid.org\/index.php\/wp-json\/wp\/v2\/posts\/639\/revisions"}],"wp:attachment":[{"href":"https:\/\/cejc-madrid.org\/index.php\/wp-json\/wp\/v2\/media?parent=639"}],"wp:term":[{"taxonomy":"category","embeddable":true,"href":"https:\/\/cejc-madrid.org\/index.php\/wp-json\/wp\/v2\/categories?post=639"},{"taxonomy":"post_tag","embeddable":true,"href":"https:\/\/cejc-madrid.org\/index.php\/wp-json\/wp\/v2\/tags?post=639"}],"curies":[{"name":"wp","href":"https:\/\/api.w.org\/{rel}","templated":true}]}}