{"id":642,"date":"2023-10-16T15:12:30","date_gmt":"2023-10-16T15:12:30","guid":{"rendered":"https:\/\/upbeat-goodall.82-223-35-84.plesk.page\/index.php\/2023\/10\/16\/dia-de-ayuno-y-de-oracion-por-la-paz\/"},"modified":"2024-11-27T12:01:25","modified_gmt":"2024-11-27T12:01:25","slug":"dia-de-ayuno-y-de-oracion-por-la-paz","status":"publish","type":"post","link":"https:\/\/cejc-madrid.org\/index.php\/2023\/10\/16\/dia-de-ayuno-y-de-oracion-por-la-paz\/","title":{"rendered":"D\u00eda de ayuno y de oraci\u00f3n por la paz"},"content":{"rendered":"<p>El cardenal Pizzaballa, patriarca latino de Jerusal\u00e9n, invita \u00aba todas las parroquias y comunidades religiosas a una jornada de ayuno y oraci\u00f3n por la paz y la reconciliaci\u00f3n el martes 17 de octubre\u00bb. La Conferencia Episcopal Espa\u00f1ola invita a todas las Di\u00f3cesis a unirse a esta convocatoria.<\/p>\n","protected":false},"excerpt":{"rendered":"<p>El cardenal Pizzaballa, patriarca latino de Jerusal\u00e9n, invita \u00aba todas las parroquias y comunidades religiosas a una jornada de ayuno y oraci\u00f3n por la paz y la reconciliaci\u00f3n el martes 17 de octubre\u00bb. La Conferencia Episcopal Espa\u00f1ola invita a todas las Di\u00f3cesis a unirse a esta convocatoria.<\/p>\n","protected":false},"author":1,"featured_media":2561,"comment_status":"open","ping_status":"open","sticky":false,"template":"","format":"standard","meta":{"_et_pb_use_builder":"","_et_pb_old_content":"","_et_gb_content_width":"","footnotes":""},"categories":[33],"tags":[],"class_list":["post-642","post","type-post","status-publish","format-standard","has-post-thumbnail","hentry","category-news"],"_links":{"self":[{"href":"https:\/\/cejc-madrid.org\/index.php\/wp-json\/wp\/v2\/posts\/642","targetHints":{"allow":["GET"]}}],"collection":[{"href":"https:\/\/cejc-madrid.org\/index.php\/wp-json\/wp\/v2\/posts"}],"about":[{"href":"https:\/\/cejc-madrid.org\/index.php\/wp-json\/wp\/v2\/types\/post"}],"author":[{"embeddable":true,"href":"https:\/\/cejc-madrid.org\/index.php\/wp-json\/wp\/v2\/users\/1"}],"replies":[{"embeddable":true,"href":"https:\/\/cejc-madrid.org\/index.php\/wp-json\/wp\/v2\/comments?post=642"}],"version-history":[{"count":2,"href":"https:\/\/cejc-madrid.org\/index.php\/wp-json\/wp\/v2\/posts\/642\/revisions"}],"predecessor-version":[{"id":2555,"href":"https:\/\/cejc-madrid.org\/index.php\/wp-json\/wp\/v2\/posts\/642\/revisions\/2555"}],"wp:featuredmedia":[{"embeddable":true,"href":"https:\/\/cejc-madrid.org\/index.php\/wp-json\/wp\/v2\/media\/2561"}],"wp:attachment":[{"href":"https:\/\/cejc-madrid.org\/index.php\/wp-json\/wp\/v2\/media?parent=642"}],"wp:term":[{"taxonomy":"category","embeddable":true,"href":"https:\/\/cejc-madrid.org\/index.php\/wp-json\/wp\/v2\/categories?post=642"},{"taxonomy":"post_tag","embeddable":true,"href":"https:\/\/cejc-madrid.org\/index.php\/wp-json\/wp\/v2\/tags?post=642"}],"curies":[{"name":"wp","href":"https:\/\/api.w.org\/{rel}","templated":true}]}}