{"id":643,"date":"2023-10-17T10:08:09","date_gmt":"2023-10-17T10:08:09","guid":{"rendered":"https:\/\/upbeat-goodall.82-223-35-84.plesk.page\/index.php\/2023\/10\/17\/patriarca-de-jerusalen-ofrece-intercambiarse-por-rehenes-de-hamas\/"},"modified":"2024-11-27T11:58:45","modified_gmt":"2024-11-27T11:58:45","slug":"patriarca-de-jerusalen-ofrece-intercambiarse-por-rehenes-de-hamas","status":"publish","type":"post","link":"https:\/\/cejc-madrid.org\/index.php\/2023\/10\/17\/patriarca-de-jerusalen-ofrece-intercambiarse-por-rehenes-de-hamas\/","title":{"rendered":"Patriarca de Jerusal\u00e9n ofrece intercambiarse por rehenes de Ham\u00e1s"},"content":{"rendered":"<p>El representante del Papa Francisco en Israel y los territorios dijo este lunes que est\u00e1 dispuesto a intercambiarse por ni\u00f1os israel\u00edes tomados como rehenes por Ham\u00e1s y retenidos en Gaza, en respuesta a una pregunta durante una videoconferencia con periodistas en\u00a0Italia: <strong>\u201c\u00bfSi estoy listo para un intercambio? Cualquier cosa, si eso tambi\u00e9n puede conducir a la libertad y traer a esos ni\u00f1os a casa, no hay problema. Por mi parte disponibilidad absoluta\u201d.<\/strong><\/p>\n<p>El <strong>cardenal\u00a0Pierbattista Pizzaballa, patriarca de\u00a0Jerusal\u00e9n<\/strong>, hizo este comentario en respuesta a una pregunta durante una videoconferencia con periodistas en\u00a0Italia.<\/p>\n<p>\u201cEstoy dispuesto a un intercambio, cualquier cosa, si esto puede llevar a la libertad, a traer a los ni\u00f1os a casa. No hay problema. Hay total voluntad de mi parte\u201d, afirm\u00f3.<\/p>\n<div class=\"related-posts\">\n<div class=\"related-content\">\n<article class=\"related-article\">\n<div><\/div>\n<\/article>\n<\/div>\n<\/div>\n<p>\u201cLo primero que hay que hacer es intentar conseguir la liberaci\u00f3n de los rehenes, de lo contrario no habr\u00e1 forma de detener (una escalada). Estamos dispuestos a ayudar, incluso yo personalmente\u201d, afirm\u00f3.<\/p>\n<p>Sin embargo, destac\u00f3 que \u00e9l y su oficina a\u00fan no hab\u00edan tenido ning\u00fan contacto directo con\u00a0Ham\u00e1s, el grupo terrorista que atac\u00f3 a\u00a0Israel\u00a0el 7 de octubre y mat\u00f3 a 1.300 personas.<\/p>\n<p>\u201cNo se puede hablar con\u00a0Ham\u00e1s. Es muy dif\u00edcil\u201d, afirm\u00f3.<\/p>\n<p>Unas 200 personas fueron tomadas como rehenes y se cree que una docena de ellas son ni\u00f1os.<\/p>\n<p>Pizzaballa\u00a0supervisa las actividades cat\u00f3licas romanas en\u00a0Israel\u00a0y los territorios palestinos, as\u00ed como en\u00a0Jordania\u00a0y\u00a0Chipre, una regi\u00f3n que alberga a unos 300.000 cat\u00f3licos romanos.<\/p>\n<p>Los esfuerzos diplom\u00e1ticos se han intensificado para llevar ayuda a\u00a0Gaza\u00a0mientras\u00a0Israel\u00a0prepara una ofensiva terrestre para destruir a\u00a0Ham\u00e1s.<\/p>\n<p>Las autoridades de\u00a0Gaza\u00a0dijeron que hasta el momento al menos 2750 personas hab\u00edan muerto a causa de los\u00a0ataques israel\u00edes, una cuarta parte de ellos ni\u00f1os, y casi 10.000 hab\u00edan resultado heridos. Otras 1.000 personas estaban desaparecidas y se cre\u00eda que estaban bajo los escombros.<\/p>\n<p>Pizzaballa\u00a0dijo que alrededor de 1.000 cristianos se refugian en edificios de la Iglesia en el norte de\u00a0Gaza\u00a0despu\u00e9s de que sus hogares fueran destruidos por los\u00a0ataques israel\u00edes.<\/p>\n<p>\u201cNo saben ad\u00f3nde ir porque moverse es peligroso\u201d, dijo.<\/p>\n<p>Israel\u00a0ha instado a los habitantes de\u00a0Gaza\u00a0a evacuar hacia el sur, lo que ya han hecho cientos de miles en el enclave que alberga a m\u00e1s de 2 millones de personas.\u00a0Ham\u00e1s, que gobierna\u00a0Gaza, ha dicho a la gente que ignore el mensaje de\u00a0Israel.<\/p>\n","protected":false},"excerpt":{"rendered":"<p>El representante del Papa Francisco en Israel y los territorios dijo este lunes que est\u00e1 dispuesto a intercambiarse por ni\u00f1os israel\u00edes tomados como rehenes por Ham\u00e1s y retenidos en Gaza, en respuesta a una pregunta durante una videoconferencia con periodistas en\u00a0Italia: \u201c\u00bfSi estoy listo para un intercambio? Cualquier cosa, si eso tambi\u00e9n puede conducir a [&hellip;]<\/p>\n","protected":false},"author":1,"featured_media":2552,"comment_status":"open","ping_status":"open","sticky":false,"template":"","format":"standard","meta":{"_et_pb_use_builder":"","_et_pb_old_content":"","_et_gb_content_width":"","footnotes":""},"categories":[33],"tags":[],"class_list":["post-643","post","type-post","status-publish","format-standard","has-post-thumbnail","hentry","category-news"],"_links":{"self":[{"href":"https:\/\/cejc-madrid.org\/index.php\/wp-json\/wp\/v2\/posts\/643","targetHints":{"allow":["GET"]}}],"collection":[{"href":"https:\/\/cejc-madrid.org\/index.php\/wp-json\/wp\/v2\/posts"}],"about":[{"href":"https:\/\/cejc-madrid.org\/index.php\/wp-json\/wp\/v2\/types\/post"}],"author":[{"embeddable":true,"href":"https:\/\/cejc-madrid.org\/index.php\/wp-json\/wp\/v2\/users\/1"}],"replies":[{"embeddable":true,"href":"https:\/\/cejc-madrid.org\/index.php\/wp-json\/wp\/v2\/comments?post=643"}],"version-history":[{"count":2,"href":"https:\/\/cejc-madrid.org\/index.php\/wp-json\/wp\/v2\/posts\/643\/revisions"}],"predecessor-version":[{"id":2553,"href":"https:\/\/cejc-madrid.org\/index.php\/wp-json\/wp\/v2\/posts\/643\/revisions\/2553"}],"wp:featuredmedia":[{"embeddable":true,"href":"https:\/\/cejc-madrid.org\/index.php\/wp-json\/wp\/v2\/media\/2552"}],"wp:attachment":[{"href":"https:\/\/cejc-madrid.org\/index.php\/wp-json\/wp\/v2\/media?parent=643"}],"wp:term":[{"taxonomy":"category","embeddable":true,"href":"https:\/\/cejc-madrid.org\/index.php\/wp-json\/wp\/v2\/categories?post=643"},{"taxonomy":"post_tag","embeddable":true,"href":"https:\/\/cejc-madrid.org\/index.php\/wp-json\/wp\/v2\/tags?post=643"}],"curies":[{"name":"wp","href":"https:\/\/api.w.org\/{rel}","templated":true}]}}