{"id":644,"date":"2023-10-25T10:02:08","date_gmt":"2023-10-25T10:02:08","guid":{"rendered":"https:\/\/upbeat-goodall.82-223-35-84.plesk.page\/index.php\/2023\/10\/25\/curso-2023-24\/"},"modified":"2024-11-26T12:04:30","modified_gmt":"2024-11-26T12:04:30","slug":"curso-2023-24","status":"publish","type":"post","link":"https:\/\/cejc-madrid.org\/index.php\/2023\/10\/25\/curso-2023-24\/","title":{"rendered":"Ciclo de Conferencias Curso 2023\/24"},"content":{"rendered":"<p>Apertura de Curso<br \/>\n25 de Octubre de 2023<\/p>\n<p><strong>El Se\u00f1or ser\u00e1 el \u00fanico Dios y su nombre ser\u00e1 el \u00fanico nombre (Zc 14,9)<br \/>\n<\/strong><em>Rabino Moshe Bendahan &#8211; Dr. Manuel Gonz\u00e1lez<\/em><\/p>\n<p>&nbsp;<\/p>\n<p>NOVIEMBRE<\/p>\n<p>Mi\u00e9rcoles 8: <strong>El juda\u00edsmo al final del periodo del Segundo Templo<\/strong><\/p>\n<p><em>Dra. Macarena Garcia &#8211; Universidad Complutense<\/em><\/p>\n<p>&nbsp;<\/p>\n<p>Mi\u00e9rcoles 15: <strong>La comunidad de los seguidores de Jes\u00fas y el culto<\/strong><\/p>\n<p><em>Dr. Elio Passeto, NDS &#8211; Instituto Ratisbonne Jerusalem<\/em><\/p>\n<p>&nbsp;<\/p>\n<p>Mi\u00e9rcoles 22: <strong>Los primeros m\u00e1rtires en el nombre de Jes\u00fas como Mes\u00edas<\/strong><\/p>\n<p><em>Dr. Patricio de Navascu\u00e9s Benlloch &#8211; Universidad San D\u00e1maso<\/em><\/p>\n<p>&nbsp;<\/p>\n<p>Mi\u00e9rcoles 29: <strong>Movimientos cristianos de origen jud\u00edo en los primeros siglos<\/strong><\/p>\n<p><em>Dra. Cayetana H. Johnson &#8211; Universidad San D\u00e1maso<\/em><\/p>\n<p>&nbsp;<\/p>\n<p>DICIEMBRE<\/p>\n<p>Mi\u00e9rcoles 13: <strong>Los primeros pasos del juda\u00edsmo despu\u00e9s de la destrucci\u00f3n del Templo<\/strong><\/p>\n<p><em>Dra. Amparo Alba &#8211; Universidad Complutense<\/em><\/p>\n<p>&nbsp;<\/p>\n<p>Mi\u00e9rcoles 20: <strong>La Iglesia de la circuncisi\u00f3n y la Iglesia de los gentiles<\/strong><\/p>\n<p><em>Dr. David Villar &#8211; Universidad Complutense<\/em><\/p>\n<p>&nbsp;<\/p>\n<p>ENERO<\/p>\n<p>Mi\u00e9rcoles 10: <strong>Las Iglesias Orientales y las Iglesias en Occidente, complementariedad y divergencia <\/strong><\/p>\n<p><em>Dr. Efrem Yildiz &#8211; Universidad Salamanca<\/em><\/p>\n<p>&nbsp;<\/p>\n<p>Mi\u00e9rcoles 17: <strong>La Iglesia en Oriente y en Occidente, elementos comunes y diferencias<\/strong><\/p>\n<p><em>Dr. Efrem Yildiz &#8211; Universidad Salamanca<\/em><\/p>\n<p>&nbsp;<\/p>\n<p>Mi\u00e9rcoles 24: <strong>Conmemoraci\u00f3n de la Shoah <\/strong><\/p>\n<p>&nbsp;<\/p>\n<p>Mi\u00e9rcoles 31: <strong>El juda\u00edsmo rab\u00ednico y su relaci\u00f3n con el mundo cristiano<\/strong><\/p>\n<p><em>Dr. Mois\u00e9s Orfali &#8211; Universidad Bar &#8211; Ilan<\/em><\/p>\n<p>&nbsp;<\/p>\n<p>FEBRERO<\/p>\n<p>Mi\u00e9rcoles 7: <strong>La Iglesia hispanogoda y la cuesti\u00f3n jud\u00eda: los concilios de Toledo<\/strong><\/p>\n<p><em>Dr. Enrique Cantera Montenegro &#8211; UNED<\/em><\/p>\n<p>&nbsp;<\/p>\n<p>Mi\u00e9rcoles 14: <strong>Los jud\u00edos en los concilios y la legislaci\u00f3n pontificia de \u00e9poca medieval<\/strong><\/p>\n<p><em>Dr. Enrique Cantera Montenegro &#8211; UNED<\/em><\/p>\n<p>&nbsp;<\/p>\n<p>Mi\u00e9rcoles 21: <strong>Cuestiones jud\u00edas en los primeros escritores hispanorromanos<\/strong><\/p>\n<p><em>Dr. Manuel J. Crespo Losada &#8211; Universidad San D\u00e1maso<\/em><\/p>\n<p>&nbsp;<\/p>\n<p>Mi\u00e9rcoles 28: <strong>Los Papas de la Inquisici\u00f3n<\/strong><\/p>\n<p><em>Dr. Mois\u00e9s Orfali &#8211; Universidad Bar &#8211; Ilan<\/em><\/p>\n<p>&nbsp;<\/p>\n<p>MARZO<\/p>\n<p>Mi\u00e9rcoles 6: <strong>La Inquisici\u00f3n a los ojos del pueblo jud\u00edo<\/strong><\/p>\n<p><em>MA Ethel Barylka &#8211; Mujer y Juda\u00edsmo<\/em><\/p>\n<p>&nbsp;<\/p>\n<p>Mi\u00e9rcoles 13: <strong>Las consecuencias de la acusaci\u00f3n de deicidio para el pueblo jud\u00edo<\/strong><\/p>\n<p><em>D\u00f1a. Marina Lara &#8211; CEJC<\/em><\/p>\n<p>&nbsp;<\/p>\n<p>Mi\u00e9rcoles 20: <strong>Influencia jud\u00eda en la teolog\u00eda monacal de la Iglesia medieval<\/strong><\/p>\n<p><em>Dr. Elio Passeto, NDS &#8211; Instituto Ratisbonne Jerusalem<\/em><\/p>\n<p>&nbsp;<\/p>\n<p>ABRIL<\/p>\n<p>Mi\u00e9rcoles 10: <strong>La disputa de Barcelona y la posici\u00f3n de los jud\u00edos en Espa\u00f1a en ese momento<\/strong><\/p>\n<p><em>Dr. Luis Vegas Montaner &#8211; Universidad Complutense<br \/>\n<\/em>Mi\u00e9rcoles 17: <strong>El pensamiento teol\u00f3gico de la Iglesia en relaci\u00f3n con el pueblo jud\u00edo a partir de la<\/strong> <strong>Declaraci\u00f3n Nostra Aetate<\/strong><\/p>\n<p><em>Dr. Donizeti Ribeiro, NDS &#8211; Instituto Ratisbonne Jerusalem<br \/>\n<\/em>Mi\u00e9rcoles 24: <strong>La mirada del pueblo jud\u00edo hoy sobre los cristianos<\/strong><\/p>\n<p><em>Dr. Mauricio Toledano Marqu\u00e9s &#8211; Miembro de CJM<\/em><\/p>\n<p>&nbsp;<\/p>\n<p>MAYO<\/p>\n<p>Mi\u00e9rcoles 8: <strong>La mirada de la Iglesia hoy sobre el pueblo jud\u00edo<\/strong><\/p>\n<p><em>Dr. Jos\u00e9 Ram\u00f3n Busto &#8211; Profesor em\u00e9rito Universidad P. Comillas<\/em><\/p>\n<p>Clausura de Curso<br \/>\n22 de Mayo a las 19:30<\/p>\n<p><strong>Documentos de la Iglesia referentes a los jud\u00edos y al juda\u00edsmo<\/strong><\/p>\n<p><em>Dr. Elio Passeto, NDS &#8211; Instituto Ratisbonne Jerusalem<\/em><\/p>\n","protected":false},"excerpt":{"rendered":"<p>Apertura de Curso 25 de Octubre de 2023 El Se\u00f1or ser\u00e1 el \u00fanico Dios y su nombre ser\u00e1 el \u00fanico nombre (Zc 14,9) Rabino Moshe Bendahan &#8211; Dr. Manuel Gonz\u00e1lez &nbsp; NOVIEMBRE Mi\u00e9rcoles 8: El juda\u00edsmo al final del periodo del Segundo Templo Dra. Macarena Garcia &#8211; Universidad Complutense &nbsp; Mi\u00e9rcoles 15: La comunidad de [&hellip;]<\/p>\n","protected":false},"author":1,"featured_media":2508,"comment_status":"open","ping_status":"open","sticky":true,"template":"","format":"standard","meta":{"_et_pb_use_builder":"","_et_pb_old_content":"","_et_gb_content_width":"","footnotes":""},"categories":[239],"tags":[178,179,112],"class_list":["post-644","post","type-post","status-publish","format-standard","has-post-thumbnail","hentry","category-conferencias","tag-amistad-judeo-cristiana","tag-dialogo-interreligioso","tag-nostra-aetate"],"_links":{"self":[{"href":"https:\/\/cejc-madrid.org\/index.php\/wp-json\/wp\/v2\/posts\/644","targetHints":{"allow":["GET"]}}],"collection":[{"href":"https:\/\/cejc-madrid.org\/index.php\/wp-json\/wp\/v2\/posts"}],"about":[{"href":"https:\/\/cejc-madrid.org\/index.php\/wp-json\/wp\/v2\/types\/post"}],"author":[{"embeddable":true,"href":"https:\/\/cejc-madrid.org\/index.php\/wp-json\/wp\/v2\/users\/1"}],"replies":[{"embeddable":true,"href":"https:\/\/cejc-madrid.org\/index.php\/wp-json\/wp\/v2\/comments?post=644"}],"version-history":[{"count":2,"href":"https:\/\/cejc-madrid.org\/index.php\/wp-json\/wp\/v2\/posts\/644\/revisions"}],"predecessor-version":[{"id":2509,"href":"https:\/\/cejc-madrid.org\/index.php\/wp-json\/wp\/v2\/posts\/644\/revisions\/2509"}],"wp:featuredmedia":[{"embeddable":true,"href":"https:\/\/cejc-madrid.org\/index.php\/wp-json\/wp\/v2\/media\/2508"}],"wp:attachment":[{"href":"https:\/\/cejc-madrid.org\/index.php\/wp-json\/wp\/v2\/media?parent=644"}],"wp:term":[{"taxonomy":"category","embeddable":true,"href":"https:\/\/cejc-madrid.org\/index.php\/wp-json\/wp\/v2\/categories?post=644"},{"taxonomy":"post_tag","embeddable":true,"href":"https:\/\/cejc-madrid.org\/index.php\/wp-json\/wp\/v2\/tags?post=644"}],"curies":[{"name":"wp","href":"https:\/\/api.w.org\/{rel}","templated":true}]}}