{"id":645,"date":"2023-12-20T10:48:35","date_gmt":"2023-12-20T10:48:35","guid":{"rendered":"https:\/\/upbeat-goodall.82-223-35-84.plesk.page\/index.php\/2023\/12\/20\/circular-n-229-octubre-diciembre-2023\/"},"modified":"2024-11-26T12:41:31","modified_gmt":"2024-11-26T12:41:31","slug":"circular-n-229-octubre-diciembre-2023","status":"publish","type":"post","link":"https:\/\/cejc-madrid.org\/index.php\/2023\/12\/20\/circular-n-229-octubre-diciembre-2023\/","title":{"rendered":"Circular n\u00ba 229 Octubre-Diciembre 2023"},"content":{"rendered":"<p>La circular de este trimestre se acerca a los siguientes temas:<\/p>\n<ul>\n<li>Solidaridad del CEJC con Israel<\/li>\n<\/ul>\n<ul>\n<li>Inauguraci\u00f3n del curso acad\u00e9mico 2023\/24<\/li>\n<li>Mozambique: terroristas matan a 11 cristianos en un atentado en la provincia de Cabo Delgado<\/li>\n<li>Marcando un hito hist\u00f3rico, el Congreso Jud\u00edo Mundial inaugura una oficina en la Ciudad del Vaticano<\/li>\n<li>Un milagro m\u00e9dico en Israel transforma la vida de una ni\u00f1a jordana<\/li>\n<li>Hallada una moneda de medio shekel del a\u00f1o 1 en el desierto de Judea<\/li>\n<li>Actos anti israel\u00edes en centros educativos espa\u00f1oles<\/li>\n<li>Myanmar: la guerra olvidada que tambi\u00e9n destruye parroquias y conventos<\/li>\n<li>Hallazgo israel\u00ed: una toxina que obliga a las c\u00e9lulas cancerosas a \u201csuicidarse\u201d<\/li>\n<li>El CEJC, presente en el curso para seminaristas sobre \u201cIglesia en di\u00e1logo\u201d<\/li>\n<li>Innovador implante de marcapasos en Israel a adolescente de Gaza<\/li>\n<li>El Papa Francisco recibe a rabinos europeos para condenar el antisemitismo<\/li>\n<li>Aumentan los actos antisemitas en el mundo<\/li>\n<li>Atentado terrorista de Ham\u00e1s en plena \u201ctregua\u201d<\/li>\n<li>Grupo armado asesin\u00f3 a ni\u00f1os en una escuela de Uganda mientras cantaban sus oraciones vespertinas<\/li>\n<li>M\u00fanich: redescubren antigua sinagoga destruida por los nazis<\/li>\n<li>Colombia: ONU condena ataque a miembros de la Iglesia<\/li>\n<li>Hist\u00f3rica visita a Espa\u00f1a de Su Santidad Bartolom\u00e9 I, Arzobispo de Constantinopla<\/li>\n<li>Noticias del CEJC<\/li>\n<\/ul>\n","protected":false},"excerpt":{"rendered":"<p>La circular de este trimestre se acerca a los siguientes temas: Solidaridad del CEJC con Israel Inauguraci\u00f3n del curso acad\u00e9mico 2023\/24 Mozambique: terroristas matan a 11 cristianos en un atentado en la provincia de Cabo Delgado Marcando un hito hist\u00f3rico, el Congreso Jud\u00edo Mundial inaugura una oficina en la Ciudad del Vaticano Un milagro m\u00e9dico [&hellip;]<\/p>\n","protected":false},"author":1,"featured_media":2519,"comment_status":"open","ping_status":"open","sticky":false,"template":"","format":"standard","meta":{"_et_pb_use_builder":"","_et_pb_old_content":"","_et_gb_content_width":"","footnotes":""},"categories":[4],"tags":[],"class_list":["post-645","post","type-post","status-publish","format-standard","has-post-thumbnail","hentry","category-circular"],"_links":{"self":[{"href":"https:\/\/cejc-madrid.org\/index.php\/wp-json\/wp\/v2\/posts\/645","targetHints":{"allow":["GET"]}}],"collection":[{"href":"https:\/\/cejc-madrid.org\/index.php\/wp-json\/wp\/v2\/posts"}],"about":[{"href":"https:\/\/cejc-madrid.org\/index.php\/wp-json\/wp\/v2\/types\/post"}],"author":[{"embeddable":true,"href":"https:\/\/cejc-madrid.org\/index.php\/wp-json\/wp\/v2\/users\/1"}],"replies":[{"embeddable":true,"href":"https:\/\/cejc-madrid.org\/index.php\/wp-json\/wp\/v2\/comments?post=645"}],"version-history":[{"count":1,"href":"https:\/\/cejc-madrid.org\/index.php\/wp-json\/wp\/v2\/posts\/645\/revisions"}],"predecessor-version":[{"id":2520,"href":"https:\/\/cejc-madrid.org\/index.php\/wp-json\/wp\/v2\/posts\/645\/revisions\/2520"}],"wp:featuredmedia":[{"embeddable":true,"href":"https:\/\/cejc-madrid.org\/index.php\/wp-json\/wp\/v2\/media\/2519"}],"wp:attachment":[{"href":"https:\/\/cejc-madrid.org\/index.php\/wp-json\/wp\/v2\/media?parent=645"}],"wp:term":[{"taxonomy":"category","embeddable":true,"href":"https:\/\/cejc-madrid.org\/index.php\/wp-json\/wp\/v2\/categories?post=645"},{"taxonomy":"post_tag","embeddable":true,"href":"https:\/\/cejc-madrid.org\/index.php\/wp-json\/wp\/v2\/tags?post=645"}],"curies":[{"name":"wp","href":"https:\/\/api.w.org\/{rel}","templated":true}]}}