{"id":646,"date":"2023-12-20T11:22:41","date_gmt":"2023-12-20T11:22:41","guid":{"rendered":"https:\/\/upbeat-goodall.82-223-35-84.plesk.page\/index.php\/2023\/12\/20\/olivo-n-97-98\/"},"modified":"2023-12-20T11:22:41","modified_gmt":"2023-12-20T11:22:41","slug":"olivo-n-97-98","status":"publish","type":"post","link":"https:\/\/cejc-madrid.org\/index.php\/2023\/12\/20\/olivo-n-97-98\/","title":{"rendered":"OLIVO N\u00ba 97-98"},"content":{"rendered":"<p>Enero &#8211; Diciembre 2023<\/p>\n<p><strong>La obra targ\u00famica del profesor D\u00edez Macho<\/strong> &#8211; <em>Joan Ferrer<\/em><\/p>\n<p><strong>La pluralidad textual en la \u00c9poca del Segundo Templo: los tipos de texto de I y 2 Reyes<\/strong> &#8211; <em>David Villar Vegas<\/em><\/p>\n<p><strong>Los manuscritos del Mar Muerto. Setenta y cinco a\u00f1os de investigaci\u00f3n<\/strong> &#8211; <em>Julio Trebolle Barrera<\/em><\/p>\n<p><strong>C\u00f3mo hablar de Dios despu\u00e9s de Auschwitz<\/strong> &#8211; <em>Manuel Reyes Mate Rup\u00e9rez<\/em><\/p>\n<p><strong>El Sabbat y el Domingo<\/strong> &#8211; <em>Ra\u00fal Bl\u00e1zquez Castillo<\/em><\/p>\n<p><strong>El Nuevo Testamento y su contexto jud\u00edo<\/strong> &#8211; <em>Cayetana H. Johnson<\/em><\/p>\n<p><strong>El Mes\u00edas en la tradici\u00f3n jud\u00eda<\/strong> &#8211; <em>Israel Diament<\/em><\/p>\n<p><strong>Un legado de sabidur\u00eda y de sangre: Inglaterra y los reinos hisp\u00e1nicos en la Edad Media<\/strong> &#8211; <em>Manuel Alejandro Rodr\u00edguez de la Pe\u00f1a<\/em><\/p>\n<p><strong>El hombre como imagen de Dios en el juda\u00edsmo y el cristianismo: retos en la sociedad actual<\/strong> &#8211; <em>Javier Prades<\/em><\/p>\n<p><strong>Cr\u00edtica bibliogr\u00e1fica<\/strong><\/p>\n","protected":false},"excerpt":{"rendered":"<p>Enero &#8211; Diciembre 2023 La obra targ\u00famica del profesor D\u00edez Macho &#8211; Joan Ferrer La pluralidad textual en la \u00c9poca del Segundo Templo: los tipos de texto de I y 2 Reyes &#8211; David Villar Vegas Los manuscritos del Mar Muerto. Setenta y cinco a\u00f1os de investigaci\u00f3n &#8211; Julio Trebolle Barrera C\u00f3mo hablar de Dios [&hellip;]<\/p>\n","protected":false},"author":1,"featured_media":0,"comment_status":"open","ping_status":"open","sticky":false,"template":"","format":"standard","meta":{"_et_pb_use_builder":"","_et_pb_old_content":"","_et_gb_content_width":"","footnotes":""},"categories":[25],"tags":[],"class_list":["post-646","post","type-post","status-publish","format-standard","hentry","category-revista-qel-olivoq"],"_links":{"self":[{"href":"https:\/\/cejc-madrid.org\/index.php\/wp-json\/wp\/v2\/posts\/646","targetHints":{"allow":["GET"]}}],"collection":[{"href":"https:\/\/cejc-madrid.org\/index.php\/wp-json\/wp\/v2\/posts"}],"about":[{"href":"https:\/\/cejc-madrid.org\/index.php\/wp-json\/wp\/v2\/types\/post"}],"author":[{"embeddable":true,"href":"https:\/\/cejc-madrid.org\/index.php\/wp-json\/wp\/v2\/users\/1"}],"replies":[{"embeddable":true,"href":"https:\/\/cejc-madrid.org\/index.php\/wp-json\/wp\/v2\/comments?post=646"}],"version-history":[{"count":0,"href":"https:\/\/cejc-madrid.org\/index.php\/wp-json\/wp\/v2\/posts\/646\/revisions"}],"wp:attachment":[{"href":"https:\/\/cejc-madrid.org\/index.php\/wp-json\/wp\/v2\/media?parent=646"}],"wp:term":[{"taxonomy":"category","embeddable":true,"href":"https:\/\/cejc-madrid.org\/index.php\/wp-json\/wp\/v2\/categories?post=646"},{"taxonomy":"post_tag","embeddable":true,"href":"https:\/\/cejc-madrid.org\/index.php\/wp-json\/wp\/v2\/tags?post=646"}],"curies":[{"name":"wp","href":"https:\/\/api.w.org\/{rel}","templated":true}]}}