{"id":648,"date":"2024-02-12T12:11:26","date_gmt":"2024-02-12T12:11:26","guid":{"rendered":"https:\/\/upbeat-goodall.82-223-35-84.plesk.page\/index.php\/2024\/02\/12\/carta-del-papa-a-los-hebreos-que-viven-en-israel\/"},"modified":"2024-02-12T12:11:26","modified_gmt":"2024-02-12T12:11:26","slug":"carta-del-papa-a-los-hebreos-que-viven-en-israel","status":"publish","type":"post","link":"https:\/\/cejc-madrid.org\/index.php\/2024\/02\/12\/carta-del-papa-a-los-hebreos-que-viven-en-israel\/","title":{"rendered":"Carta del Papa a los hebreos que viven en Israel"},"content":{"rendered":"<p>Carta del Papa a los hermanos y hermanas hebreos en Israel.<\/p>\n<p>Queridos hermanos y hermanas:<\/p>\n<p>Estamos viviendo en una \u00e9poca de doloroso tormento. Las guerras y las divisiones aumentan en todo el mundo. Estamos, en efecto, como dije hace alg\u00fan tiempo, en una especie de \u00abguerra mundial a pedazos\u00bb, con graves consecuencias para la vida de muchas poblaciones.<\/p>\n<p>Ni siquiera Tierra Santa, por desgracia, se ha librado de este dolor, y desde el 7 de octubre est\u00e1 sumida en una espiral de violencia sin precedentes. Mi coraz\u00f3n se desgarra al ver lo que est\u00e1 sucediendo en Tierra Santa, por la fuerza de tanta divisi\u00f3n y odio.<\/p>\n<p>El mundo entero mira con aprensi\u00f3n y dolor lo que sucede en esa Tierra. Son sentimientos que expresan una especial cercan\u00eda y afecto por los pueblos que habitan la tierra que ha sido testigo de la historia de la Revelaci\u00f3n.<\/p>\n<p>Tristemente, sin embargo, hay que decir que esta guerra tambi\u00e9n ha producido en la opini\u00f3n p\u00fablica mundial actitudes de divisi\u00f3n, que a veces desembocan en formas de antisemitismo y antijuda\u00edsmo. S\u00f3lo puedo reiterar lo que tambi\u00e9n mis Predecesores han dicho claramente en varias ocasiones: la relaci\u00f3n que nos une a vosotros es especial y singular, sin oscurecer nunca, por supuesto, la relaci\u00f3n que la Iglesia tiene con los dem\u00e1s y el compromiso tambi\u00e9n con ellos.<\/p>\n<p>El camino que la Iglesia ha emprendido con vosotros, antiguo pueblo de la alianza, rechaza toda forma de antijuda\u00edsmo y antisemitismo, condenando inequ\u00edvocamente las manifestaciones de odio hacia los jud\u00edos y el juda\u00edsmo como pecado contra Dios. Junto con ustedes, los cat\u00f3licos estamos muy preocupados por el terrible aumento de los ataques contra los jud\u00edos en todo el mundo. Esper\u00e1bamos que el \u00abnunca m\u00e1s\u00bb fuera un estribillo escuchado por las nuevas generaciones, pero ahora vemos que el camino a seguir requiere una cooperaci\u00f3n cada vez m\u00e1s estrecha para erradicar estos fen\u00f3menos.<\/p>\n<p>Mi coraz\u00f3n est\u00e1 cerca de vosotros, de Tierra Santa, de todos los pueblos que la habitan, israel\u00edes y palestinos, y rezo para que el deseo de paz prevalezca sobre todos. Quiero que sep\u00e1is que est\u00e1is cerca de mi coraz\u00f3n y del coraz\u00f3n de la Iglesia. A la luz de las numerosas comunicaciones que he recibido de diversos amigos y organizaciones jud\u00edas de todo el mundo y de vuestra carta, que aprecio mucho, siento el deseo de aseguraros mi cercan\u00eda y afecto. Os abrazo a todos y cada uno de vosotros, y especialmente a los que os consumen la angustia, el dolor, el miedo e incluso la rabia. Las palabras son tan dif\u00edciles de formular ante una tragedia como la ocurrida en los \u00faltimos meses. Junto con vosotros, lloramos a los muertos, a los heridos, a los traumatizados, suplicando a Dios Padre que intervenga y ponga fin a la guerra y al odio, a estos ciclos interminables que ponen en peligro al mundo entero. De manera especial, rezamos por el regreso de los rehenes, alegr\u00e1ndonos por los que ya han vuelto a casa, y rezando para que todos los dem\u00e1s se unan pronto a ellos.<\/p>\n<p>Quisiera a\u00f1adir tambi\u00e9n que nunca debemos perder la esperanza en una paz posible y que debemos hacer todo lo posible por promoverla, rechazando toda forma de derrotismo y desconfianza. Debemos mirar a Dios, \u00fanica fuente de esperanza cierta. Como dije hace diez a\u00f1os, \u00abla historia nos ense\u00f1a que nuestras fuerzas no bastan. M\u00e1s de una vez hemos estado al borde de la paz, pero el maligno, utilizando diversos medios, ha conseguido bloquearla. Por eso estamos aqu\u00ed, porque sabemos y creemos que necesitamos la ayuda de Dios. No abdicamos de nuestra responsabilidad, sino que invocamos a Dios en un acto de suprema responsabilidad ante nuestras conciencias y ante nuestros pueblos. Hemos escuchado una llamada y debemos responder. Es la llamada a romper la espiral del odio y de la violencia, y a romperla con una palabra: la palabra \u00abhermano\u00bb. Pero para poder pronunciar esta palabra, debemos levantar los ojos al cielo y reconocernos hijos de un solo Padre\u00bb (Jardines Vaticanos, 8 de junio de 2014).<\/p>\n<p>En tiempos de desolaci\u00f3n, nos cuesta mucho ver un horizonte futuro en el que la luz sustituya a las tinieblas, en el que la amistad sustituya al odio, en el que la cooperaci\u00f3n sustituya a la guerra. Sin embargo, nosotros, como jud\u00edos y cat\u00f3licos, somos testigos precisamente de ese horizonte. Y debemos hacerlo, comenzando en primer lugar en Tierra Santa, donde juntos queremos trabajar por la paz y la justicia, haciendo todo lo posible para crear relaciones capaces de abrir nuevos horizontes de luz para todos, israel\u00edes y palestinos por igual.<\/p>\n<p>Jud\u00edos y cat\u00f3licos, debemos comprometernos en este camino de amistad, solidaridad y cooperaci\u00f3n en la b\u00fasqueda de caminos para reparar un mundo roto, trabajando juntos en todas las partes del mundo, y especialmente en Tierra Santa, para recuperar la capacidad de ver en el rostro de cada persona la imagen de Dios en la que hemos sido creados.<\/p>\n<p>A\u00fan tenemos mucho que hacer juntos para que el mundo que dejemos a los que vengan despu\u00e9s de nosotros sea mejor, pero conf\u00edo en que podamos seguir trabajando juntos con este prop\u00f3sito.<\/p>\n<p>Os abrazo fraternalmente.<\/p>\n<p>Francisco<\/p>\n","protected":false},"excerpt":{"rendered":"<p>Carta del Papa a los hermanos y hermanas hebreos en Israel. Queridos hermanos y hermanas: Estamos viviendo en una \u00e9poca de doloroso tormento. Las guerras y las divisiones aumentan en todo el mundo. Estamos, en efecto, como dije hace alg\u00fan tiempo, en una especie de \u00abguerra mundial a pedazos\u00bb, con graves consecuencias para la vida [&hellip;]<\/p>\n","protected":false},"author":1,"featured_media":0,"comment_status":"open","ping_status":"open","sticky":false,"template":"","format":"standard","meta":{"_et_pb_use_builder":"","_et_pb_old_content":"","_et_gb_content_width":"","footnotes":""},"categories":[3],"tags":[],"class_list":["post-648","post","type-post","status-publish","format-standard","hentry","category-papa-francisco"],"_links":{"self":[{"href":"https:\/\/cejc-madrid.org\/index.php\/wp-json\/wp\/v2\/posts\/648","targetHints":{"allow":["GET"]}}],"collection":[{"href":"https:\/\/cejc-madrid.org\/index.php\/wp-json\/wp\/v2\/posts"}],"about":[{"href":"https:\/\/cejc-madrid.org\/index.php\/wp-json\/wp\/v2\/types\/post"}],"author":[{"embeddable":true,"href":"https:\/\/cejc-madrid.org\/index.php\/wp-json\/wp\/v2\/users\/1"}],"replies":[{"embeddable":true,"href":"https:\/\/cejc-madrid.org\/index.php\/wp-json\/wp\/v2\/comments?post=648"}],"version-history":[{"count":0,"href":"https:\/\/cejc-madrid.org\/index.php\/wp-json\/wp\/v2\/posts\/648\/revisions"}],"wp:attachment":[{"href":"https:\/\/cejc-madrid.org\/index.php\/wp-json\/wp\/v2\/media?parent=648"}],"wp:term":[{"taxonomy":"category","embeddable":true,"href":"https:\/\/cejc-madrid.org\/index.php\/wp-json\/wp\/v2\/categories?post=648"},{"taxonomy":"post_tag","embeddable":true,"href":"https:\/\/cejc-madrid.org\/index.php\/wp-json\/wp\/v2\/tags?post=648"}],"curies":[{"name":"wp","href":"https:\/\/api.w.org\/{rel}","templated":true}]}}