{"id":650,"date":"2024-04-12T10:21:03","date_gmt":"2024-04-12T10:21:03","guid":{"rendered":"https:\/\/upbeat-goodall.82-223-35-84.plesk.page\/index.php\/2024\/04\/12\/ii-jornada-de-amistad-judeo-cristiana-en-toledo\/"},"modified":"2024-11-20T10:43:26","modified_gmt":"2024-11-20T10:43:26","slug":"ii-jornada-de-amistad-judeo-cristiana-en-toledo","status":"publish","type":"post","link":"https:\/\/cejc-madrid.org\/index.php\/2024\/04\/12\/ii-jornada-de-amistad-judeo-cristiana-en-toledo\/","title":{"rendered":"II Jornada de Amistad Judeo-Cristiana en Toledo"},"content":{"rendered":"<p>El pasado 7 de abril tuvo lugar la II Jornada de Amistad Judeo-Cristiana en Toledo, organizada por la Federaci\u00f3n de Comunidades Jud\u00edas de Espa\u00f1a (FCJE), el Arzobispado de Toledo y el Centro de Estudios Judeo-Cristianos (CEJC), bajo el lema <em>\u201cLa religi\u00f3n, camino de justicia social y de paz\u201d.<\/em> Al <a href=\"Para%20la%20web%20y%20FB\/7.jpg\">grupo<\/a> de unas 50 personas (cristianas y jud\u00edas) llegadas desde Madrid, se le uni\u00f3 un nutrido colectivo de Toledo, para participar en la Jornada.<\/p>\n<p>El evento comenz\u00f3 en la <a href=\"2.jpg\">sinagoga Mayor<\/a>, conocida como Santa Mar\u00eda la Blanca, donde los <a href=\"Para%20la%20web%20y%20FB\/3.jpg\">asistentes<\/a> fueron acogidos por <strong><a href=\"Para%20la%20web%20y%20FB\/5.jpg\">Monse\u00f1or Francisco C\u00e9sar Garc\u00eda Mag\u00e1n<\/a><\/strong>, Obispo auxiliar de Toledo y Secretario General de la Conferencia Episcopal, el cual resalt\u00f3 la importancia de la relaci\u00f3n entre ambas confesiones, como necesario testimonio para el quebrado mundo actual. A continuaci\u00f3n tuvo lugar la <a href=\"Para%20la%20web%20y%20FB\/4.jpg\">ponencia<\/a> <em>\u201cEspiritualidad, justicia social y paz\u201d<\/em> por parte de <strong><a href=\"Para%20la%20web%20y%20FB\/6.jpg\">Rab. Mosh\u00e9 Bendahan<\/a><\/strong>, Gran Rabino de Espa\u00f1a y el <strong><a href=\"Para%20la%20web%20y%20FB\/6.jpg\">Padre Juan Manuel Uceta<\/a><\/strong>, Delegado de Relaciones Interconfesionales de la Archidi\u00f3cesis de Toledo.<\/p>\n<p>El Rabino Bendahan parti\u00f3 del concepto de <em>\u201cpersona espiritual\u201d<\/em> como <em>\u201caquella que busca crecer, que quiere reconciliarse con su pasado, que interpreta los acontecimientos seg\u00fan la l\u00f3gica espiritual, que agradece y valora lo que tiene, que sabe que el esfuerzo est\u00e1 en su mano, pero no el resultado\u201d,<\/em> para pasar a hablar de la justicia, la verdad y <em>\u201cla paz interior, necesaria para poder proyectar la paz exterior\u201d. <\/em>Por su parte, el Padre Uceta hizo una reflexi\u00f3n sobre las visiones que consideran las religiones como causa de conflictos y las contrapuso a la propuesta de la convivencia, el respeto y la reciprocidad que ofrece el di\u00e1logo interreligioso, a trav\u00e9s de una vivencia aut\u00e9ntica y verdadera de la religiosidad.<\/p>\n<p>A continuaci\u00f3n, el Rabino Bendahan y Monse\u00f1or Mag\u00e1n elevaron una <a href=\"Para%20la%20web%20y%20FB\/8.jpg\">oraci\u00f3n conjunta<\/a> en la que se rog\u00f3 por el regreso de los secuestrados en Gaza y recitaron el Salmo 122, acompa\u00f1ados por las voces de <strong><a href=\"Para%20la%20web%20y%20FB\/Sinagoga.mp4\">D\u00f1a. Mercedes Benzaqu\u00e9n<\/a><\/strong>, directora del coro de la Comunidad Jud\u00eda de Madrid, <strong>D\u00f1a. Nora Sameh<\/strong> y <strong>David Serrano<\/strong> al piano, quienes interpretaron <em>Avinu Malkenu<\/em> y <em>Shalom Aleijem. <\/em>Escuchar la sagrada oraci\u00f3n jud\u00eda en el\u00a0incomparable marco donde cientos de a\u00f1os atr\u00e1s hicieron lo propio los jud\u00edos que se reun\u00edan en la Sinagoga Mayor fue un momento emocionante para los hermanos jud\u00edos y entra\u00f1able para todos.<\/p>\n<p>Tras la comida, el grupo se traslad\u00f3 a la Sala de Conferencias del claustro de la Catedral de Toledo, donde fueron acogidos por <strong><a href=\"Para%20la%20web%20y%20FB\/10.jpg\">D. Francisco Cerro Chaves<\/a><\/strong>, Arzobispo de Toledo. All\u00ed tuvo lugar la ponencia <em><a href=\"Para%20la%20web%20y%20FB\/11.jpg\">\u201cEl trabajo por la justicia social y la paz\u201d<\/a><\/em> por parte de <strong>D. Isaac Benzaqu\u00e9n<\/strong>, Presidente de la Federaci\u00f3n de Comunidades Jud\u00edas de Espa\u00f1a (FCJE) y <strong>D\u00f1a. Balbina Rojas<\/strong>, Coordinadora del \u00c1rea de formaci\u00f3n del voluntariado y de inclusi\u00f3n de C\u00e1ritas en Toledo. Fue una hermosa exposici\u00f3n de c\u00f3mo viven en sus confesiones <em>\u201cla caridad que se pone en pr\u00e1ctica en la vida cotidiana\u201d.<\/em><\/p>\n<p>La clausura corri\u00f3 a cargo de Isaac Benzaqu\u00e9n y la directora del Centro de Estudios Judeo-Cristianos (CEJC), <strong>D\u00f1a. Mayte Rodr\u00edguez<\/strong>, quienes agradecieron al Arzobispo Monse\u00f1or del Cerro su total disposici\u00f3n para que este encuentro se hiciera realidad. D\u00f1a. Mayte Rodr\u00edguez subray\u00f3 el agradecimiento del CEJC al se\u00f1or Benzaqu\u00e9n por su apoyo y cari\u00f1o al Centro durante todos estos a\u00f1os como Presidente de la FCJE y al Padre Uceta por su trabajo al frente de la Delegaci\u00f3n de Di\u00e1logo Interreligioso en Toledo. Benzaqu\u00e9n subray\u00f3 que <em>\u201cel di\u00e1logo interreligioso es una fuente de inspiraci\u00f3n necesaria para fomentar el encuentro entre civilizaciones, las cuales deben trabajar juntas por la justicia y la paz\u201d<\/em> y aprovech\u00f3 su intervenci\u00f3n para despedirse de su tiempo de <a href=\"Para%20la%20web%20y%20FB\/12.jpg\">presidencia de la Federaci\u00f3n<\/a>, al celebrarse en los pr\u00f3ximos d\u00edas las elecciones a dicho cargo. Tras las intervenciones conclusivas, la jornada tuvo come broche final la visita guiada de la <a href=\"Para%20la%20web%20y%20FB\/1.jpg\">Catedral de Toledo<\/a>.<\/p>\n","protected":false},"excerpt":{"rendered":"<p>El pasado 7 de abril tuvo lugar la II Jornada de Amistad Judeo-Cristiana en Toledo, organizada por la Federaci\u00f3n de Comunidades Jud\u00edas de Espa\u00f1a (FCJE), el Arzobispado de Toledo y el Centro de Estudios Judeo-Cristianos (CEJC), bajo el lema \u201cLa religi\u00f3n, camino de justicia social y de paz\u201d. Al grupo de unas 50 personas (cristianas [&hellip;]<\/p>\n","protected":false},"author":1,"featured_media":2494,"comment_status":"open","ping_status":"open","sticky":false,"template":"","format":"standard","meta":{"_et_pb_use_builder":"","_et_pb_old_content":"","_et_gb_content_width":"","footnotes":""},"categories":[33],"tags":[],"class_list":["post-650","post","type-post","status-publish","format-standard","has-post-thumbnail","hentry","category-news"],"_links":{"self":[{"href":"https:\/\/cejc-madrid.org\/index.php\/wp-json\/wp\/v2\/posts\/650","targetHints":{"allow":["GET"]}}],"collection":[{"href":"https:\/\/cejc-madrid.org\/index.php\/wp-json\/wp\/v2\/posts"}],"about":[{"href":"https:\/\/cejc-madrid.org\/index.php\/wp-json\/wp\/v2\/types\/post"}],"author":[{"embeddable":true,"href":"https:\/\/cejc-madrid.org\/index.php\/wp-json\/wp\/v2\/users\/1"}],"replies":[{"embeddable":true,"href":"https:\/\/cejc-madrid.org\/index.php\/wp-json\/wp\/v2\/comments?post=650"}],"version-history":[{"count":2,"href":"https:\/\/cejc-madrid.org\/index.php\/wp-json\/wp\/v2\/posts\/650\/revisions"}],"predecessor-version":[{"id":2495,"href":"https:\/\/cejc-madrid.org\/index.php\/wp-json\/wp\/v2\/posts\/650\/revisions\/2495"}],"wp:featuredmedia":[{"embeddable":true,"href":"https:\/\/cejc-madrid.org\/index.php\/wp-json\/wp\/v2\/media\/2494"}],"wp:attachment":[{"href":"https:\/\/cejc-madrid.org\/index.php\/wp-json\/wp\/v2\/media?parent=650"}],"wp:term":[{"taxonomy":"category","embeddable":true,"href":"https:\/\/cejc-madrid.org\/index.php\/wp-json\/wp\/v2\/categories?post=650"},{"taxonomy":"post_tag","embeddable":true,"href":"https:\/\/cejc-madrid.org\/index.php\/wp-json\/wp\/v2\/tags?post=650"}],"curies":[{"name":"wp","href":"https:\/\/api.w.org\/{rel}","templated":true}]}}