{"id":657,"date":"2024-07-22T10:41:28","date_gmt":"2024-07-22T10:41:28","guid":{"rendered":"https:\/\/upbeat-goodall.82-223-35-84.plesk.page\/index.php\/2024\/07\/22\/mensaje-de-su-santidad-papa-francisco-con-motivo-del-30-aniversario-del-atentado-contra-la-amia\/"},"modified":"2024-10-11T07:46:15","modified_gmt":"2024-10-11T07:46:15","slug":"mensaje-de-su-santidad-papa-francisco-con-motivo-del-30-aniversario-del-atentado-contra-la-amia","status":"publish","type":"post","link":"https:\/\/cejc-madrid.org\/index.php\/2024\/07\/22\/mensaje-de-su-santidad-papa-francisco-con-motivo-del-30-aniversario-del-atentado-contra-la-amia\/","title":{"rendered":"Mensaje de Su Santidad Papa Francisco con motivo del 30 aniversario del atentado contra la AMIA"},"content":{"rendered":"<p>Ciudad del Vaticano, 18 de julio de 2024<\/p>\n<p>Al conmemorar el 30\u00ba aniversario del atentado a la AMIA, lo hacemos en un esp\u00edritu de recuerdo y reflexi\u00f3n. La memoria de aquellos que murieron en esa tragedia oscura sigue viva en nuestras oraciones y en nuestro compromiso continuo con la justicia.<\/p>\n<p>Para rendir homenaje, ante la tragedia elegimos el silencio. La dimensi\u00f3n del silencio, poderosa y reveladora, se presenta ante nosotros no como un vac\u00edo, sino como una presencia palpable de aquellos que ya no est\u00e1n. En el silencio escuchamos el eco de las vidas truncadas y sentimos el peso de la ausencia. Pero en el tambi\u00e9n encontramos la fuerza para enfrentar la realidad del mal y la resiliencia para seguir adelante. A veces el silencio puede expresar un dolor indecible ante la desgracia y, en este d\u00eda, nos unimos en \u00a0un silencio que es tanto duelo como esperanza.<\/p>\n<p>La memoria puede ser nuestra gu\u00eda. Nos ense\u00f1a que recordar no es s\u00f3lo mirar hacia atr\u00e1s, sino tambi\u00e9n proyectarnos en esperanza hacia un futuro donde actos tan repudiables de violencia no se repitan. La memoria nos impulsa a tener presentes a los 85 hermanos de aquel 18 de julio de 1994.<\/p>\n<p>Hoy, juntos, reafirmamos que no bajamos los brazos ante la b\u00fasqueda de justicia. Una justicia que no busca venganza, revanchismo, sino verdad y reparaci\u00f3n. Una justicia que es esencial no s\u00f3lo para las familias afectadas, sino para la cohesi\u00f3n del tejido social de la naci\u00f3n. El respeto a toda vida humana y a la dignidad que conlleva debe prevalecer sobre el odio y la divisi\u00f3n. \u00c9sta es la base sobre la cual edificamos el bien com\u00fan, no s\u00f3lo para honrar a los que hemos perdido, sino para proteger a las generaciones futuras.<\/p>\n<p>Invito a todas las personas de fe y a todas las personas de buena voluntad a unirse en\u00a0 oraci\u00f3n y acci\u00f3n, a trabajar incansablemente por un mundo m\u00e1s fraterno, donde la justicia y la paz se abracen, ya que sin justicia no habr\u00e1 paz duradera ni efectiva.<\/p>\n<p>Que el Dios de la paz nos bendiga con la esperanza y la audacia para llevar a cabo esta misi\u00f3n. Que el consuelo divino alcance a todas las familias que a\u00fan lloran a sus seres queridos y les otorgue fortaleza a todos los sobrevivientes que llevan heridas en sus cuerpos y en sus almas.<\/p>\n<p>Rezo por Ustedes. Fraternalmente, Francisco<\/p>\n","protected":false},"excerpt":{"rendered":"<p>Ciudad del Vaticano, 18 de julio de 2024 Al conmemorar el 30\u00ba aniversario del atentado a la AMIA, lo hacemos en un esp\u00edritu de recuerdo y reflexi\u00f3n. La memoria de aquellos que murieron en esa tragedia oscura sigue viva en nuestras oraciones y en nuestro compromiso continuo con la justicia. Para rendir homenaje, ante la [&hellip;]<\/p>\n","protected":false},"author":1,"featured_media":694,"comment_status":"open","ping_status":"open","sticky":false,"template":"","format":"standard","meta":{"_et_pb_use_builder":"","_et_pb_old_content":"","_et_gb_content_width":"","footnotes":""},"categories":[33],"tags":[],"class_list":["post-657","post","type-post","status-publish","format-standard","has-post-thumbnail","hentry","category-news"],"_links":{"self":[{"href":"https:\/\/cejc-madrid.org\/index.php\/wp-json\/wp\/v2\/posts\/657","targetHints":{"allow":["GET"]}}],"collection":[{"href":"https:\/\/cejc-madrid.org\/index.php\/wp-json\/wp\/v2\/posts"}],"about":[{"href":"https:\/\/cejc-madrid.org\/index.php\/wp-json\/wp\/v2\/types\/post"}],"author":[{"embeddable":true,"href":"https:\/\/cejc-madrid.org\/index.php\/wp-json\/wp\/v2\/users\/1"}],"replies":[{"embeddable":true,"href":"https:\/\/cejc-madrid.org\/index.php\/wp-json\/wp\/v2\/comments?post=657"}],"version-history":[{"count":1,"href":"https:\/\/cejc-madrid.org\/index.php\/wp-json\/wp\/v2\/posts\/657\/revisions"}],"predecessor-version":[{"id":695,"href":"https:\/\/cejc-madrid.org\/index.php\/wp-json\/wp\/v2\/posts\/657\/revisions\/695"}],"wp:featuredmedia":[{"embeddable":true,"href":"https:\/\/cejc-madrid.org\/index.php\/wp-json\/wp\/v2\/media\/694"}],"wp:attachment":[{"href":"https:\/\/cejc-madrid.org\/index.php\/wp-json\/wp\/v2\/media?parent=657"}],"wp:term":[{"taxonomy":"category","embeddable":true,"href":"https:\/\/cejc-madrid.org\/index.php\/wp-json\/wp\/v2\/categories?post=657"},{"taxonomy":"post_tag","embeddable":true,"href":"https:\/\/cejc-madrid.org\/index.php\/wp-json\/wp\/v2\/tags?post=657"}],"curies":[{"name":"wp","href":"https:\/\/api.w.org\/{rel}","templated":true}]}}