{"id":68,"date":"2011-11-04T11:25:21","date_gmt":"2011-11-04T11:25:21","guid":{"rendered":"https:\/\/upbeat-goodall.82-223-35-84.plesk.page\/index.php\/2011\/11\/04\/el-olivo-no-67\/"},"modified":"2011-11-04T11:25:21","modified_gmt":"2011-11-04T11:25:21","slug":"el-olivo-no-67","status":"publish","type":"post","link":"https:\/\/cejc-madrid.org\/index.php\/2011\/11\/04\/el-olivo-no-67\/","title":{"rendered":"El Olivo n\u00ba 67"},"content":{"rendered":"<p align=\"center\"><b>EL OLIVO    n\u00ba 67<\/b><\/p>\n<p align=\"center\">\u00a0<\/p>\n<p align=\"center\">Enero &#8211; Junio 2008<\/p>\n<p align=\"center\">\u00a0<\/p>\n<p align=\"center\"><span style=\"text-decoration: underline;\">\u00cdndice<\/span><\/p>\n<p align=\"left\">\u00a0<\/p>\n<p align=\"left\"><b>El Shabat y el  domingo<\/b><i><b> &#8211; <\/b>Sor Ionel Mihalovici <\/i> &#8211; Centro de Estudios Judeo-Cristianos<b>La concepci\u00f3n  del l\u00edder en Maim\u00f3nides y el pensamiento moderno &#8211;<\/b><i><b> <\/b>Rabino Adri\u00e1n Javier Herbst <\/i>&#8211; Buenos Aires<b>Lengua y  conciencia en la mentalidad de los judeoconversos espa\u00f1oles &#8211; <\/b><i>Mar\u00eda del Pilar Roca &#8211; <\/i>Universidad Federal de Para\u00edba<b>&nbsp;<\/b><\/p>\n<p align=\"left\"><b>La libertad de  cultos y el regreso a Sefarad &#8211;<\/b><i> M\u00f3nica Manrique Escudero <\/i>&#8211;  CSIC<b>&nbsp;<\/b><\/p>\n<p align=\"left\"><b>El encuentro con  los jud\u00edos desde la perspectiva de dos v\u00edctimas cristianas del Holocausto: Edith  Stein y Mar\u00eda Skobtsov &#8211;<\/b><i>Emilia Bea P\u00e9rez <\/i>&#8211;  Universidad de Valencia<b>&nbsp;<\/b><\/p>\n<p align=\"left\"><b>Conceptos  err\u00f3neos o debatidos en torno al Holocausto &#8211;<\/b><i>Jaime  V\u00e1ndor <\/i>&#8211; Universidad de  Barcelona<\/p>\n<blockquote><\/blockquote>\n","protected":false},"excerpt":{"rendered":"<p>EL OLIVO n\u00ba 67 \u00a0 Enero &#8211; Junio 2008 \u00a0 \u00cdndice \u00a0 El Shabat y el domingo &#8211; Sor Ionel Mihalovici &#8211; Centro de Estudios Judeo-CristianosLa concepci\u00f3n del l\u00edder en Maim\u00f3nides y el pensamiento moderno &#8211; Rabino Adri\u00e1n Javier Herbst &#8211; Buenos AiresLengua y conciencia en la mentalidad de los judeoconversos espa\u00f1oles &#8211; Mar\u00eda del [&hellip;]<\/p>\n","protected":false},"author":1,"featured_media":0,"comment_status":"open","ping_status":"open","sticky":false,"template":"","format":"standard","meta":{"_et_pb_use_builder":"","_et_pb_old_content":"","_et_gb_content_width":"","footnotes":""},"categories":[25],"tags":[],"class_list":["post-68","post","type-post","status-publish","format-standard","hentry","category-revista-qel-olivoq"],"_links":{"self":[{"href":"https:\/\/cejc-madrid.org\/index.php\/wp-json\/wp\/v2\/posts\/68","targetHints":{"allow":["GET"]}}],"collection":[{"href":"https:\/\/cejc-madrid.org\/index.php\/wp-json\/wp\/v2\/posts"}],"about":[{"href":"https:\/\/cejc-madrid.org\/index.php\/wp-json\/wp\/v2\/types\/post"}],"author":[{"embeddable":true,"href":"https:\/\/cejc-madrid.org\/index.php\/wp-json\/wp\/v2\/users\/1"}],"replies":[{"embeddable":true,"href":"https:\/\/cejc-madrid.org\/index.php\/wp-json\/wp\/v2\/comments?post=68"}],"version-history":[{"count":0,"href":"https:\/\/cejc-madrid.org\/index.php\/wp-json\/wp\/v2\/posts\/68\/revisions"}],"wp:attachment":[{"href":"https:\/\/cejc-madrid.org\/index.php\/wp-json\/wp\/v2\/media?parent=68"}],"wp:term":[{"taxonomy":"category","embeddable":true,"href":"https:\/\/cejc-madrid.org\/index.php\/wp-json\/wp\/v2\/categories?post=68"},{"taxonomy":"post_tag","embeddable":true,"href":"https:\/\/cejc-madrid.org\/index.php\/wp-json\/wp\/v2\/tags?post=68"}],"curies":[{"name":"wp","href":"https:\/\/api.w.org\/{rel}","templated":true}]}}