{"id":7,"date":"2011-10-19T15:42:55","date_gmt":"2011-10-19T15:42:55","guid":{"rendered":"https:\/\/upbeat-goodall.82-223-35-84.plesk.page\/index.php\/2011\/10\/19\/para-el-dialogo-y-relacion-entre-judios-y-cristianos\/"},"modified":"2011-10-19T15:42:55","modified_gmt":"2011-10-19T15:42:55","slug":"para-el-dialogo-y-relacion-entre-judios-y-cristianos","status":"publish","type":"post","link":"https:\/\/cejc-madrid.org\/index.php\/2011\/10\/19\/para-el-dialogo-y-relacion-entre-judios-y-cristianos\/","title":{"rendered":"Para el di\u00e1logo y relaci\u00f3n entre jud\u00edos y cristianos"},"content":{"rendered":"<p style=\"text-align: center;\">&nbsp; El Centro de Estudios Judeo-Cristianos, erigido por el Arzobispado de  Madrid en 1972,<\/p>\n<p style=\"text-align: center;\">y confiado a la Congregaci\u00f3n de Nuestra Se\u00f1ora de Si\u00f3n  trabaja para el di\u00e1logo y la relaci\u00f3n entre jud\u00edos y cristianos<\/p>\n<p>\u00a0<\/p>\n<div id=\"attachment_6\" style=\"width: 247px\" class=\"wp-caption alignnone\"><img loading=\"lazy\" decoding=\"async\" aria-describedby=\"caption-attachment-6\" class=\" size-full wp-image-6\" style=\"display: block; margin-left: auto; margin-right: auto;\" src=\"https:\/\/cejc-madrid.org\/wp-content\/uploads\/2011\/10\/jacob-neusner-y-el-papa.jpg\" title=\"Benedicto XVI y Jacob Neusner\" class=\"caption\" height=\"234\" width=\"237\" srcset=\"https:\/\/cejc-madrid.org\/wp-content\/uploads\/2011\/10\/jacob-neusner-y-el-papa.jpg 312w, https:\/\/cejc-madrid.org\/wp-content\/uploads\/2011\/10\/jacob-neusner-y-el-papa-300x297.jpg 300w\" sizes=\"(max-width: 237px) 100vw, 237px\" \/><p id=\"caption-attachment-6\" class=\"wp-caption-text\">Benedicto XVI y Jacob Neusner<\/p><\/div>\n","protected":false},"excerpt":{"rendered":"<p>&nbsp; El Centro de Estudios Judeo-Cristianos, erigido por el Arzobispado de Madrid en 1972, y confiado a la Congregaci\u00f3n de Nuestra Se\u00f1ora de Si\u00f3n trabaja para el di\u00e1logo y la relaci\u00f3n entre jud\u00edos y cristianos \u00a0<\/p>\n","protected":false},"author":1,"featured_media":6,"comment_status":"open","ping_status":"open","sticky":false,"template":"","format":"standard","meta":{"_et_pb_use_builder":"","_et_pb_old_content":"","_et_gb_content_width":"","footnotes":""},"categories":[14],"tags":[44,46,45,47],"class_list":["post-7","post","type-post","status-publish","format-standard","has-post-thumbnail","hentry","category-historia-del-centro-de-estudios-judeo-cristianos-historia-del-centro","tag-arzobispado-de-madrid","tag-centro","tag-judeo-cristianos","tag-sion"],"_links":{"self":[{"href":"https:\/\/cejc-madrid.org\/index.php\/wp-json\/wp\/v2\/posts\/7","targetHints":{"allow":["GET"]}}],"collection":[{"href":"https:\/\/cejc-madrid.org\/index.php\/wp-json\/wp\/v2\/posts"}],"about":[{"href":"https:\/\/cejc-madrid.org\/index.php\/wp-json\/wp\/v2\/types\/post"}],"author":[{"embeddable":true,"href":"https:\/\/cejc-madrid.org\/index.php\/wp-json\/wp\/v2\/users\/1"}],"replies":[{"embeddable":true,"href":"https:\/\/cejc-madrid.org\/index.php\/wp-json\/wp\/v2\/comments?post=7"}],"version-history":[{"count":0,"href":"https:\/\/cejc-madrid.org\/index.php\/wp-json\/wp\/v2\/posts\/7\/revisions"}],"wp:featuredmedia":[{"embeddable":true,"href":"https:\/\/cejc-madrid.org\/index.php\/wp-json\/wp\/v2\/media\/6"}],"wp:attachment":[{"href":"https:\/\/cejc-madrid.org\/index.php\/wp-json\/wp\/v2\/media?parent=7"}],"wp:term":[{"taxonomy":"category","embeddable":true,"href":"https:\/\/cejc-madrid.org\/index.php\/wp-json\/wp\/v2\/categories?post=7"},{"taxonomy":"post_tag","embeddable":true,"href":"https:\/\/cejc-madrid.org\/index.php\/wp-json\/wp\/v2\/tags?post=7"}],"curies":[{"name":"wp","href":"https:\/\/api.w.org\/{rel}","templated":true}]}}