{"id":86,"date":"2011-11-21T11:43:31","date_gmt":"2011-11-21T11:43:31","guid":{"rendered":"https:\/\/upbeat-goodall.82-223-35-84.plesk.page\/index.php\/2011\/11\/21\/discurso-bendicto-xvi\/"},"modified":"2011-11-21T11:43:31","modified_gmt":"2011-11-21T11:43:31","slug":"discurso-bendicto-xvi","status":"publish","type":"post","link":"https:\/\/cejc-madrid.org\/index.php\/2011\/11\/21\/discurso-bendicto-xvi\/","title":{"rendered":"Bendicto XVI &#8211; A los l\u00edderes religiosos de Israel &#8211; 10 noviembre 2011"},"content":{"rendered":"<p>Audiencia papal a l\u00edderes religiosos de Israel<br \/>Jueves 10 de noviembre de 2011<\/p>\n<p>Discurso del Santo Padre Benedicto XVI&nbsp; a la delegaci\u00f3n del Consejo de los Jefes Religiosos de Israel, al recibirlos en audiencia en la Sala de los Papas del Palacio Apost\u00f3lico.<\/p>\n<p>Su Beatitud,<br \/>sus excelencias,<br \/>queridos amigos,<br \/>Es un gran placer para m\u00ed daros la bienvenida, miembros del Israeli Religious Council, que represent\u00e1is a las comunidades religiosas presentes en Tierra Santa, y os doy las gracias por las amables palabras dirigidas a m\u00ed en nombre de todos los presentes.<br \/>En estos tiempos de tribulaci\u00f3n, el di\u00e1logo entre las diferentes religiones se est\u00e1 convirtiendo en algo cada vez m\u00e1s importante en la generaci\u00f3n de una atm\u00f3sfera de comprensi\u00f3n mutua y de respeto que puede conducir a la amistad y a una confianza s\u00f3lida entre nosotros. Esto urge a la los l\u00edderes de Tierra Santa que, a la vez que viven en un lugar lleno de recuerdos sagrados de nuestras tradiciones, sufren diariamente las dificultades de vivir juntos en armon\u00eda.<br \/>Como ya destaqu\u00e9 en mi reciente encuentro con los l\u00edderes religiosos en As\u00eds, hoy nos encontramos a nosotros mismos enfrent\u00e1ndonos a dos tipos de violencia: por un lado, el uso de la violencia en nombre de la religi\u00f3n y, por el otro, la violencia que es consecuencia del rechazo a Dios que caracteriza a menudo la vida en la sociedad moderna. En esta situaci\u00f3n, como l\u00edderes religiosos estamos llamados a reafirmar que la relaci\u00f3n correctamente vivida del hombre con Dios es una fuerza de paz. Esta es una verdad que debe ser cada vez m\u00e1s visible en el modo en el que vivimos con los dem\u00e1s en la cotidianidad. Por esta raz\u00f3n, deseo animaros a fomentar un clima de confianza y de di\u00e1logo entre los l\u00edderes y miembros de todas las tradiciones religiosas presentes en Tierra Santa.<br \/>Compartimos la grave responsabilidad de educar a los miembros de nuestras respectivas comunidades religiosas con el fin de fomentar un entendimiento m\u00e1s profundo de cada uno y desarrollar una apertura hacia la cooperaci\u00f3n con las personas de tradiciones religiosas distintas a las nuestras. Desgraciadamente, la realidad de nuestro mundo est\u00e1, a menudo, fragmentada y es defectuosa, incluso en Tierra Santa. Todos nosotros estamos llamados a comprometernos de nuevo con la promoci\u00f3n de una mayor justicia y dignidad, para enriquecer nuestro mundo y darle una dimensi\u00f3n humana total. La justicia, junto con la verdad, el amor y la libertad es un exigencia fundamental para una paz duradera y segura en el mundo. El movimiento hacia la reconciliaci\u00f3n exige valent\u00eda y visi\u00f3n, as\u00ed como la confianza en que Dios mismo nos mostrar\u00e1 el camino. No podemos conseguir nuestros objetivos si Dios no nos da la fuerza para llevarlos a cabo.<br \/>Cuando visit\u00e9 Jerusal\u00e9n en mayo de 2009, estuve ante el Muro Occidental y coloqu\u00e9 mi oraci\u00f3n escrita entre las piedras del Muro, le ped\u00ed a Dios por la paz en Tierra Santa. Escrib\u00ed: \u00abDios de todas las \u00e9pocas, en mi visita a Jerusal\u00e9n, &#8216;Ciudad de la Paz&#8217;, hogar espiritual de jud\u00edos, cristianos y musulmanes, traigo ante ti las alegr\u00edas, las esperanzas, las inspiraciones, los desaf\u00edos, los sufrimientos y el dolor de todas las personas del mundo. Dios de Abraham, Isaac y Jacob, escucha el grito de los afligidos, los temerosos, los despojados; manda tu paz sobre esta Tierra Santa, sobre Oriente Medio, sobre toda la familia humana; mueve los corazones de todos aquellos que invocan tu nombre para caminar con humildad en el sendero de la justicia y de la compasi\u00f3n. \u00abEl Se\u00f1or es bondadoso con los que esperan en \u00e9l, con aquellos que lo buscan\u00bb (Lam 3,25).<br \/>Que el Se\u00f1or escuche mi oraci\u00f3n por Jerusal\u00e9n hoy y llene vuestros corazones con alegr\u00eda durante vuestra visita a Roma. Que escuche las oraciones de todos los hombres y mujeres que le piden por la paz en Jerusal\u00e9n.<br \/>Ciertamente, no dejemos nunca de rezar por la paz en Tierra Santa, con la confianza en Dios quien es \u00c9l mismo nuestra paz y nuestro consuelo. Confi\u00e1ndoos a vosotros y a los que represent\u00e1is al cuidado misericordioso de Dios Todopoderoso, con alegr\u00eda invoco sobre vosotros bendiciones divinas de alegr\u00eda y de paz.<\/p>\n","protected":false},"excerpt":{"rendered":"<p>Audiencia papal a l\u00edderes religiosos de IsraelJueves 10 de noviembre de 2011 Discurso del Santo Padre Benedicto XVI&nbsp; a la delegaci\u00f3n del Consejo de los Jefes Religiosos de Israel, al recibirlos en audiencia en la Sala de los Papas del Palacio Apost\u00f3lico. Su Beatitud,sus excelencias,queridos amigos,Es un gran placer para m\u00ed daros la bienvenida, miembros [&hellip;]<\/p>\n","protected":false},"author":1,"featured_media":0,"comment_status":"open","ping_status":"open","sticky":false,"template":"","format":"standard","meta":{"_et_pb_use_builder":"","_et_pb_old_content":"","_et_gb_content_width":"","footnotes":""},"categories":[29],"tags":[],"class_list":["post-86","post","type-post","status-publish","format-standard","hentry","category-benedicto-xvi"],"_links":{"self":[{"href":"https:\/\/cejc-madrid.org\/index.php\/wp-json\/wp\/v2\/posts\/86","targetHints":{"allow":["GET"]}}],"collection":[{"href":"https:\/\/cejc-madrid.org\/index.php\/wp-json\/wp\/v2\/posts"}],"about":[{"href":"https:\/\/cejc-madrid.org\/index.php\/wp-json\/wp\/v2\/types\/post"}],"author":[{"embeddable":true,"href":"https:\/\/cejc-madrid.org\/index.php\/wp-json\/wp\/v2\/users\/1"}],"replies":[{"embeddable":true,"href":"https:\/\/cejc-madrid.org\/index.php\/wp-json\/wp\/v2\/comments?post=86"}],"version-history":[{"count":0,"href":"https:\/\/cejc-madrid.org\/index.php\/wp-json\/wp\/v2\/posts\/86\/revisions"}],"wp:attachment":[{"href":"https:\/\/cejc-madrid.org\/index.php\/wp-json\/wp\/v2\/media?parent=86"}],"wp:term":[{"taxonomy":"category","embeddable":true,"href":"https:\/\/cejc-madrid.org\/index.php\/wp-json\/wp\/v2\/categories?post=86"},{"taxonomy":"post_tag","embeddable":true,"href":"https:\/\/cejc-madrid.org\/index.php\/wp-json\/wp\/v2\/tags?post=86"}],"curies":[{"name":"wp","href":"https:\/\/api.w.org\/{rel}","templated":true}]}}