{"id":87,"date":"2011-11-22T11:37:45","date_gmt":"2011-11-22T11:37:45","guid":{"rendered":"https:\/\/upbeat-goodall.82-223-35-84.plesk.page\/index.php\/2011\/11\/22\/el-olivo-no-25\/"},"modified":"2011-11-22T11:37:45","modified_gmt":"2011-11-22T11:37:45","slug":"el-olivo-no-25","status":"publish","type":"post","link":"https:\/\/cejc-madrid.org\/index.php\/2011\/11\/22\/el-olivo-no-25\/","title":{"rendered":"El Olivo n\u00ba 25"},"content":{"rendered":"<p><\/p>\n<p align=\"center\"><b>EL OLIVO    n\u00ba 25<\/b><\/p>\n<p align=\"center\">\u00a0<\/p>\n<p align=\"center\">Enero-Junio 1987<\/p>\n<p align=\"center\">\u00a0<\/p>\n<p align=\"center\"><span style=\"text-decoration: underline;\">\u00cdndice<\/span><\/p>\n<p align=\"center\"><span style=\"text-decoration: underline;\"><br \/><\/span><\/p>\n<p align=\"center\">\u00a0<\/p>\n<p><b>La figura de la  Madre de Jes\u00fas, desde las perspectivas jud\u00eda y cristiana &#8211; <\/b>David Flusser <b>&nbsp;<\/b><\/p>\n<p align=\"left\"><b>El cementerio  jud\u00edo de Zamora &#8211;<\/b>M\u00aa Fuencisla Garc\u00eda Casar<b>&nbsp;<\/b><\/p>\n<p align=\"left\"><b>Una introducci\u00f3n  a la lectura espinosista de la Biblia &#8211;<\/b> Miguel Garc\u00eda-Bar\u00f3<b>&nbsp;<\/b><\/p>\n<p align=\"left\"><b>Los cat\u00f3licos  espa\u00f1oles y el problema del pueblo jud\u00edo en el siglo XIX (1881-1900)<\/b><i><b> &#8211;<\/b><\/i> Isidro Gonz\u00e1lez Garc\u00eda<b>&nbsp;<\/b><\/p>\n<p align=\"left\"><b>La reacci\u00f3n de  los sefard\u00edes al sionismo pol\u00edtico con relaci\u00f3n a la tradici\u00f3n y la  modernidad &#8211;<\/b>Abraham Haim<b>&nbsp;<\/b><\/p>\n<p align=\"left\"><b>Consideraciones  sobre las \u00abNotas\u00bb vaticanas<\/b><i><b> &#8211; <\/b><\/i>Michel Remaud<b>&nbsp;<\/b><\/p>\n<p align=\"left\"><b>El kibutz en  Israel &#8211;<\/b>Mordechai Amichai<\/p>\n<p align=\"left\">\u00a0<\/p>\n<p align=\"left\"><i><b>Documentaci\u00f3n<\/b><\/i><\/p>\n<p align=\"left\">Homil\u00eda de Juan Pablo II en la  ceremonia de Beatificaci\u00f3n de Sor Teresa Benedicta de la Cruz  (1 mayo  1987)<\/p>\n","protected":false},"excerpt":{"rendered":"<p>EL OLIVO n\u00ba 25 \u00a0 Enero-Junio 1987 \u00a0 \u00cdndice \u00a0 La figura de la Madre de Jes\u00fas, desde las perspectivas jud\u00eda y cristiana &#8211; David Flusser &nbsp; El cementerio jud\u00edo de Zamora &#8211;M\u00aa Fuencisla Garc\u00eda Casar&nbsp; Una introducci\u00f3n a la lectura espinosista de la Biblia &#8211; Miguel Garc\u00eda-Bar\u00f3&nbsp; Los cat\u00f3licos espa\u00f1oles y el problema del [&hellip;]<\/p>\n","protected":false},"author":1,"featured_media":0,"comment_status":"open","ping_status":"open","sticky":false,"template":"","format":"standard","meta":{"_et_pb_use_builder":"","_et_pb_old_content":"","_et_gb_content_width":"","footnotes":""},"categories":[25],"tags":[],"class_list":["post-87","post","type-post","status-publish","format-standard","hentry","category-revista-qel-olivoq"],"_links":{"self":[{"href":"https:\/\/cejc-madrid.org\/index.php\/wp-json\/wp\/v2\/posts\/87","targetHints":{"allow":["GET"]}}],"collection":[{"href":"https:\/\/cejc-madrid.org\/index.php\/wp-json\/wp\/v2\/posts"}],"about":[{"href":"https:\/\/cejc-madrid.org\/index.php\/wp-json\/wp\/v2\/types\/post"}],"author":[{"embeddable":true,"href":"https:\/\/cejc-madrid.org\/index.php\/wp-json\/wp\/v2\/users\/1"}],"replies":[{"embeddable":true,"href":"https:\/\/cejc-madrid.org\/index.php\/wp-json\/wp\/v2\/comments?post=87"}],"version-history":[{"count":0,"href":"https:\/\/cejc-madrid.org\/index.php\/wp-json\/wp\/v2\/posts\/87\/revisions"}],"wp:attachment":[{"href":"https:\/\/cejc-madrid.org\/index.php\/wp-json\/wp\/v2\/media?parent=87"}],"wp:term":[{"taxonomy":"category","embeddable":true,"href":"https:\/\/cejc-madrid.org\/index.php\/wp-json\/wp\/v2\/categories?post=87"},{"taxonomy":"post_tag","embeddable":true,"href":"https:\/\/cejc-madrid.org\/index.php\/wp-json\/wp\/v2\/tags?post=87"}],"curies":[{"name":"wp","href":"https:\/\/api.w.org\/{rel}","templated":true}]}}