{"id":9,"date":"2011-10-26T16:36:58","date_gmt":"2011-10-26T16:36:58","guid":{"rendered":"https:\/\/upbeat-goodall.82-223-35-84.plesk.page\/index.php\/2011\/10\/26\/benedicto-xvi-al-rabino-de-roma-ano-nuevo-5772\/"},"modified":"2011-10-26T16:36:58","modified_gmt":"2011-10-26T16:36:58","slug":"benedicto-xvi-al-rabino-de-roma-ano-nuevo-5772","status":"publish","type":"post","link":"https:\/\/cejc-madrid.org\/index.php\/2011\/10\/26\/benedicto-xvi-al-rabino-de-roma-ano-nuevo-5772\/","title":{"rendered":"Benedicto XVI &#8211; Felicitaci\u00f3n al Rabino de Roma- A\u00f1o Nuevo 5772 &#8211; 29 septiembre 2011"},"content":{"rendered":"<p><b>TELEGRAMA POR ROSH HASHANAH AL RABINO JEFE DE ROMA<\/b><\/p>\n<p>\u00a0<\/p>\n<p>CIUDAD DEL VATICANO, 29 SEP 2011 (VIS).-El Santo Padre ha enviado un telegrama al rabino jefe de Roma, Riccardo Di Segni, con motivo de las festividades de Rosh Hashanah 5772 (A\u00f1o Nuevo), Yom Kippur (D\u00eda de la Expiaci\u00f3n) y Sukkot (Fiesta de las Caba\u00f1as o los Tabern\u00e1culos) que caen este a\u00f1o entre septiembre y octubre..<\/p>\n<p>\u00a0<\/p>\n<p>El Papa saluda cordialmente al rabino y a toda la comunidad jud\u00eda de Roma y manifiesta el deseo de que \u00abestas fiestas tan significativas sean ocasi\u00f3n de tantas bendiciones del Eterno y fuente de infinita gracia. Crezca en todos&nbsp; nosotros la voluntad de promover la justicia y la paz en un mundo que necesita tanto testigos aut\u00e9nticos de la verdad. Dios, en su bondad, proteja a la comunidad jud\u00eda y nos conceda profundizar la amistad entre nosotros en esta ciudad de Roma y en todos los lugares del mundo\u00bb.<\/p>\n","protected":false},"excerpt":{"rendered":"<p>TELEGRAMA POR ROSH HASHANAH AL RABINO JEFE DE ROMA \u00a0 CIUDAD DEL VATICANO, 29 SEP 2011 (VIS).-El Santo Padre ha enviado un telegrama al rabino jefe de Roma, Riccardo Di Segni, con motivo de las festividades de Rosh Hashanah 5772 (A\u00f1o Nuevo), Yom Kippur (D\u00eda de la Expiaci\u00f3n) y Sukkot (Fiesta de las Caba\u00f1as o [&hellip;]<\/p>\n","protected":false},"author":1,"featured_media":0,"comment_status":"open","ping_status":"open","sticky":false,"template":"","format":"standard","meta":{"_et_pb_use_builder":"","_et_pb_old_content":"","_et_gb_content_width":"","footnotes":""},"categories":[29],"tags":[],"class_list":["post-9","post","type-post","status-publish","format-standard","hentry","category-benedicto-xvi"],"_links":{"self":[{"href":"https:\/\/cejc-madrid.org\/index.php\/wp-json\/wp\/v2\/posts\/9","targetHints":{"allow":["GET"]}}],"collection":[{"href":"https:\/\/cejc-madrid.org\/index.php\/wp-json\/wp\/v2\/posts"}],"about":[{"href":"https:\/\/cejc-madrid.org\/index.php\/wp-json\/wp\/v2\/types\/post"}],"author":[{"embeddable":true,"href":"https:\/\/cejc-madrid.org\/index.php\/wp-json\/wp\/v2\/users\/1"}],"replies":[{"embeddable":true,"href":"https:\/\/cejc-madrid.org\/index.php\/wp-json\/wp\/v2\/comments?post=9"}],"version-history":[{"count":0,"href":"https:\/\/cejc-madrid.org\/index.php\/wp-json\/wp\/v2\/posts\/9\/revisions"}],"wp:attachment":[{"href":"https:\/\/cejc-madrid.org\/index.php\/wp-json\/wp\/v2\/media?parent=9"}],"wp:term":[{"taxonomy":"category","embeddable":true,"href":"https:\/\/cejc-madrid.org\/index.php\/wp-json\/wp\/v2\/categories?post=9"},{"taxonomy":"post_tag","embeddable":true,"href":"https:\/\/cejc-madrid.org\/index.php\/wp-json\/wp\/v2\/tags?post=9"}],"curies":[{"name":"wp","href":"https:\/\/api.w.org\/{rel}","templated":true}]}}