{"id":99,"date":"2011-11-28T16:40:06","date_gmt":"2011-11-28T16:40:06","guid":{"rendered":"https:\/\/upbeat-goodall.82-223-35-84.plesk.page\/index.php\/2011\/11\/28\/libros\/"},"modified":"2011-11-28T16:40:06","modified_gmt":"2011-11-28T16:40:06","slug":"libros","status":"publish","type":"post","link":"https:\/\/cejc-madrid.org\/index.php\/2011\/11\/28\/libros\/","title":{"rendered":"Libros recomendados por el CEJC"},"content":{"rendered":"<p>\u00a0<\/p>\n<p>\u00a0En nuestro CENTRO podr\u00e1n Vds. hallar libros con temas afines al Juda\u00edsmo y a las relaciones judeo-cristianas para su investigaci\u00f3n y estudio.<\/p>\n<p>\u00a0<\/p>\n<p>Entre los \u00faltimos que nos han llegado, recomendamos:<\/p>\n<p>De la Editorial Riopiedras:<\/p>\n<p>\u00a0<\/p>\n<p>Fiestas y pr\u00e1cticas jud\u00edas en el Talmud y la Tradic\u00ed\u00f3n,<\/p>\n<p>Ionel Mihalovici<\/p>\n<p>\u00a0<\/p>\n<p>Textos escogidos del Talmud<\/p>\n<p>Luis Gir\u00f3n Blanc<\/p>\n<p>\u00a0<\/p>\n<p>Los sabios del Talmud<\/p>\n<p>Carmen Herranz Pascual<\/p>\n<p>\u00a0<\/p>\n<p>Talmud y Cristianismo. Historia y causas de un conflicto<\/p>\n<p>Mois\u00e9s Orfali<\/p>\n<p>\u00a0<\/p>\n<p>Introducci\u00f3n al Talmud<\/p>\n<p>Adin Steinsaltz<\/p>\n<p>\u00a0<\/p>\n<p>Estos t\u00edtulos forman parte de la Colecci\u00f3n \u00abEn torno al Talmud\u00bb   dirigida por  Luis Gir\u00f3n Blanc<\/p>\n<p>\u00a0<\/p>\n<p>La aportaci\u00f3n de un jud\u00edo a la Iglesia<\/p>\n<p>Sor Esperanza Mary<\/p>\n<p>\u00a0<\/p>\n<p>El Cristianismo una religi\u00f3n jud\u00eda<\/p>\n<p>David Flusser<\/p>\n<p>\u00a0<\/p>\n<p>El bien y el mal en el pensamiento jud\u00edo<\/p>\n<p>Salom Rosenberg<\/p>\n<p>\u00a0<\/p>\n<p>Di\u00e1logos y otros escritos<\/p>\n<p>Mart\u00edn Buber<\/p>\n<p>\u00a0<\/p>\n<p>De lo sagrado a lo santo<\/p>\n<p>Emmanuel Levinas<\/p>\n<p>\u00a0<\/p>\n<p>Cuatro lecturas talm\u00fadicas<\/p>\n<p>Emmanuel Levinas<\/p>\n<p>\u00a0<\/p>\n<p>El exilio de la palabra<\/p>\n<p>Andr\u00e9 Neher<\/p>\n<p>\u00a0<\/p>\n<p>\u00bfNo es \u00e9ste el hijo de Jos\u00e9?<\/p>\n<p>Pinhas Lapide<\/p>\n<p>\u00a0<\/p>\n<p>\u00bfPor qu\u00e9 soy jud\u00edo?<\/p>\n<p>Edmond Fleg<\/p>\n<p>\u00a0<\/p>\n<p>CATOLICISMO Y JUDA\u00cdSMO El di\u00e1logo entre jud\u00edos y cristianos<\/p>\n<p>\u00a040 a\u00f1os de Nostra Aetate: Textos de Juan Pablo II y Benedicto XVI<\/p>\n<p>(Editorial Planeta)<\/p>\n<p>\u00a0<\/p>\n<p>Pueden encontrar tambi\u00e9n casetes y CD de m\u00fasica sefard\u00ed<\/p>\n","protected":false},"excerpt":{"rendered":"<p>\u00a0 \u00a0En nuestro CENTRO podr\u00e1n Vds. hallar libros con temas afines al Juda\u00edsmo y a las relaciones judeo-cristianas para su investigaci\u00f3n y estudio. \u00a0 Entre los \u00faltimos que nos han llegado, recomendamos: De la Editorial Riopiedras: \u00a0 Fiestas y pr\u00e1cticas jud\u00edas en el Talmud y la Tradic\u00ed\u00f3n, Ionel Mihalovici \u00a0 Textos escogidos del Talmud Luis [&hellip;]<\/p>\n","protected":false},"author":1,"featured_media":0,"comment_status":"open","ping_status":"open","sticky":false,"template":"","format":"standard","meta":{"_et_pb_use_builder":"","_et_pb_old_content":"","_et_gb_content_width":"","footnotes":""},"categories":[41],"tags":[62,59],"class_list":["post-99","post","type-post","status-publish","format-standard","hentry","category-uncategorised","tag-dialogo-entre-judios-y-cristianos","tag-talmud"],"_links":{"self":[{"href":"https:\/\/cejc-madrid.org\/index.php\/wp-json\/wp\/v2\/posts\/99","targetHints":{"allow":["GET"]}}],"collection":[{"href":"https:\/\/cejc-madrid.org\/index.php\/wp-json\/wp\/v2\/posts"}],"about":[{"href":"https:\/\/cejc-madrid.org\/index.php\/wp-json\/wp\/v2\/types\/post"}],"author":[{"embeddable":true,"href":"https:\/\/cejc-madrid.org\/index.php\/wp-json\/wp\/v2\/users\/1"}],"replies":[{"embeddable":true,"href":"https:\/\/cejc-madrid.org\/index.php\/wp-json\/wp\/v2\/comments?post=99"}],"version-history":[{"count":0,"href":"https:\/\/cejc-madrid.org\/index.php\/wp-json\/wp\/v2\/posts\/99\/revisions"}],"wp:attachment":[{"href":"https:\/\/cejc-madrid.org\/index.php\/wp-json\/wp\/v2\/media?parent=99"}],"wp:term":[{"taxonomy":"category","embeddable":true,"href":"https:\/\/cejc-madrid.org\/index.php\/wp-json\/wp\/v2\/categories?post=99"},{"taxonomy":"post_tag","embeddable":true,"href":"https:\/\/cejc-madrid.org\/index.php\/wp-json\/wp\/v2\/tags?post=99"}],"curies":[{"name":"wp","href":"https:\/\/api.w.org\/{rel}","templated":true}]}}